{"id":35914,"date":"2023-08-22T14:24:44","date_gmt":"2023-08-22T12:24:44","guid":{"rendered":"https:\/\/www.berriozar.es\/?post_type=noticias&#038;p=35914"},"modified":"2023-09-05T13:04:13","modified_gmt":"2023-09-05T11:04:13","slug":"inoiz-ez-da-ikasteko-berandu-helduen-prestakuntza-ikastaroa-4","status":"publish","type":"noticias","link":"https:\/\/www.berriozar.es\/eu\/noticias\/inoiz-ez-da-ikasteko-berandu-helduen-prestakuntza-ikastaroa-4\/","title":{"rendered":"Inoiz ez da ikasteko berandu. Helduen prestakuntza-ikastaroa"},"content":{"rendered":"<p>Jos\u00e9 Mar\u00eda Iribarren Helduen Oinarrizko Hezkuntzarako Zentroak gaztelania ikastaroak eskaintzen dizkie etorkinei. Helburua da ulermen eta adierazpen baliabideak ematea gaztelania egoki erabili ahal izateko hainbat egoeratan.<\/p>\n<p>Ikastaroa Jos\u00e9 Mar\u00eda Iribarren Helduen Oinarrizko Hezkuntzarako Zentro Publikoan ematen da eta, eskaeraren arabera, Iru\u00f1erriko auzo eta herrietan. Beraz, gure herrian ere antolatuko dira, eskaera nahikoa baldin badago.<\/p>\n<p><strong>Matrikula egiteko epea: irailaren 4tik 8ra.<\/strong><\/p>\n<p><strong>Ordutegia:<\/strong><\/p>\n<p>9:30etik 13:00etara, astelehenetik ostiralera<\/p>\n<p>16:30etatik 19:00etara, astelehenetik ostegunera.<\/p>\n<p><strong>Tokia<\/strong>: Jos\u00e9 Mar\u00eda Iribarren Helduen Oinarrizko Hezkuntzarako Zentro Publikoa; Bartolom\u00e9 de Carranza k. 5, Iru\u00f1ea<\/p>\n<p><a href=\"https:\/\/www.berriozar.es\/wp-content\/uploads\/2023\/07\/2023_APRENDER-berriozar23-24.pdf\" target=\"_blank\" rel=\"noopener\">Kartela ikusi<\/a><\/p>\n","protected":false},"author":36,"featured_media":35911,"comment_status":"closed","ping_status":"closed","template":"","format":"standard","meta":{"_wpml_word_count":["{\"total\":0,\"to_translate\":{\"eu\":2,\"es\":2}}"],"_edit_lock":["1693911891:36"],"_edit_last":["36"],"imagenslia":["35913"],"subti":[""],"_wpml_media_featured":["1"],"_wpml_media_duplicate":["1"],"_thumbnail_id":["35911"],"_yoast_wpseo_primary_categorianoticias":[""],"_yoast_wpseo_estimated-reading-time-minutes":["1"],"_yoast_wpseo_wordproof_timestamp":[""],"_wp_old_date":["2023-07-04","2023-06-25"],"barra":["general"],"mostrar_barra":["1"],"_yoast_wpseo_content_score":["90"]},"yoast_head":"<!-- This site is optimized with the Yoast SEO plugin v22.8 - https:\/\/yoast.com\/wordpress\/plugins\/seo\/ -->\r\n<title>Inoiz ez da ikasteko berandu. Helduen prestakuntza-ikastaroa - Ayuntamiento de Berriozar \/ Berriozarko Udala<\/title>\r\n<meta name=\"robots\" content=\"index, follow, max-snippet:-1, max-image-preview:large, max-video-preview:-1\" \/>\r\n<link rel=\"canonical\" href=\"https:\/\/www.berriozar.es\/eu\/noticias\/inoiz-ez-da-ikasteko-berandu-helduen-prestakuntza-ikastaroa-4\/\" \/>\r\n<meta property=\"og:locale\" content=\"eu_ES\" \/>\r\n<meta property=\"og:type\" content=\"article\" \/>\r\n<meta property=\"og:title\" content=\"Inoiz ez da ikasteko berandu. Helduen prestakuntza-ikastaroa - Ayuntamiento de Berriozar \/ Berriozarko Udala\" \/>\r\n<meta property=\"og:description\" content=\"Jos\u00e9 Mar\u00eda Iribarren Helduen Oinarrizko Hezkuntzarako Zentroak gaztelania ikastaroak eskaintzen dizkie etorkinei. Helburua da ulermen eta adierazpen baliabideak ematea gaztelania egoki erabili ahal izateko hainbat egoeratan. Ikastaroa Jos\u00e9 Mar\u00eda Iribarren Helduen Oinarrizko Hezkuntzarako Zentro Publikoan ematen da eta, eskaeraren arabera, Iru\u00f1erriko auzo eta herrietan. Beraz, gure herrian ere antolatuko dira, eskaera nahikoa baldin badago. Matrikula [&hellip;]\" \/>\r\n<meta property=\"og:url\" content=\"https:\/\/www.berriozar.es\/eu\/noticias\/inoiz-ez-da-ikasteko-berandu-helduen-prestakuntza-ikastaroa-4\/\" \/>\r\n<meta property=\"og:site_name\" content=\"Ayuntamiento de Berriozar \/ Berriozarko Udala\" \/>\r\n<meta property=\"article:modified_time\" content=\"2023-09-05T11:04:13+00:00\" \/>\r\n<meta property=\"og:image\" content=\"https:\/\/www.berriozar.es\/wp-content\/uploads\/2023\/07\/2023_APRENDER-berriozar23-24.jpg\" \/>\r\n\t<meta property=\"og:image:width\" content=\"720\" \/>\r\n\t<meta property=\"og:image:height\" content=\"340\" \/>\r\n\t<meta property=\"og:image:type\" content=\"image\/jpeg\" \/>\r\n<meta name=\"twitter:card\" content=\"summary_large_image\" \/>\r\n<meta name=\"twitter:label1\" content=\"Est. reading time\" \/>\n\t<meta name=\"twitter:data1\" content=\"1 minute\" \/>\r\n<script type=\"application\/ld+json\" class=\"yoast-schema-graph\">{\"@context\":\"https:\/\/schema.org\",\"@graph\":[{\"@type\":\"WebPage\",\"@id\":\"https:\/\/www.berriozar.es\/eu\/noticias\/inoiz-ez-da-ikasteko-berandu-helduen-prestakuntza-ikastaroa-4\/\",\"url\":\"https:\/\/www.berriozar.es\/eu\/noticias\/inoiz-ez-da-ikasteko-berandu-helduen-prestakuntza-ikastaroa-4\/\",\"name\":\"Inoiz ez da ikasteko berandu. Helduen prestakuntza-ikastaroa - Ayuntamiento de Berriozar \/ Berriozarko Udala\",\"isPartOf\":{\"@id\":\"https:\/\/www.berriozar.es\/#website\"},\"primaryImageOfPage\":{\"@id\":\"https:\/\/www.berriozar.es\/eu\/noticias\/inoiz-ez-da-ikasteko-berandu-helduen-prestakuntza-ikastaroa-4\/#primaryimage\"},\"image\":{\"@id\":\"https:\/\/www.berriozar.es\/eu\/noticias\/inoiz-ez-da-ikasteko-berandu-helduen-prestakuntza-ikastaroa-4\/#primaryimage\"},\"thumbnailUrl\":\"https:\/\/www.berriozar.es\/wp-content\/uploads\/2023\/07\/2023_APRENDER-berriozar23-24.jpg\",\"datePublished\":\"2023-08-22T12:24:44+00:00\",\"dateModified\":\"2023-09-05T11:04:13+00:00\",\"breadcrumb\":{\"@id\":\"https:\/\/www.berriozar.es\/eu\/noticias\/inoiz-ez-da-ikasteko-berandu-helduen-prestakuntza-ikastaroa-4\/#breadcrumb\"},\"inLanguage\":\"eu-ES\",\"potentialAction\":[{\"@type\":\"ReadAction\",\"target\":[\"https:\/\/www.berriozar.es\/eu\/noticias\/inoiz-ez-da-ikasteko-berandu-helduen-prestakuntza-ikastaroa-4\/\"]}]},{\"@type\":\"ImageObject\",\"inLanguage\":\"eu-ES\",\"@id\":\"https:\/\/www.berriozar.es\/eu\/noticias\/inoiz-ez-da-ikasteko-berandu-helduen-prestakuntza-ikastaroa-4\/#primaryimage\",\"url\":\"https:\/\/www.berriozar.es\/wp-content\/uploads\/2023\/07\/2023_APRENDER-berriozar23-24.jpg\",\"contentUrl\":\"https:\/\/www.berriozar.es\/wp-content\/uploads\/2023\/07\/2023_APRENDER-berriozar23-24.jpg\",\"width\":720,\"height\":340},{\"@type\":\"BreadcrumbList\",\"@id\":\"https:\/\/www.berriozar.es\/eu\/noticias\/inoiz-ez-da-ikasteko-berandu-helduen-prestakuntza-ikastaroa-4\/#breadcrumb\",\"itemListElement\":[{\"@type\":\"ListItem\",\"position\":1,\"name\":\"Portada\",\"item\":\"https:\/\/www.berriozar.es\/\"},{\"@type\":\"ListItem\",\"position\":2,\"name\":\"Noticias\",\"item\":\"https:\/\/www.berriozar.es\/noticias\/\"},{\"@type\":\"ListItem\",\"position\":3,\"name\":\"Inoiz ez da ikasteko berandu. Helduen prestakuntza-ikastaroa\"}]},{\"@type\":\"WebSite\",\"@id\":\"https:\/\/www.berriozar.es\/#website\",\"url\":\"https:\/\/www.berriozar.es\/\",\"name\":\"Ayuntamiento de Berriozar \/ Berriozarko Udala\",\"description\":\"Ayuntamiento de Berriozar \/ Berriozarko Udala\",\"potentialAction\":[{\"@type\":\"SearchAction\",\"target\":{\"@type\":\"EntryPoint\",\"urlTemplate\":\"https:\/\/www.berriozar.es\/?s={search_term_string}\"},\"query-input\":\"required name=search_term_string\"}],\"inLanguage\":\"eu-ES\"}]}<\/script>\r\n<!-- \/ Yoast SEO plugin. -->","yoast_head_json":{"title":"Inoiz ez da ikasteko berandu. Helduen prestakuntza-ikastaroa - Ayuntamiento de Berriozar \/ Berriozarko Udala","robots":{"index":"index","follow":"follow","max-snippet":"max-snippet:-1","max-image-preview":"max-image-preview:large","max-video-preview":"max-video-preview:-1"},"canonical":"https:\/\/www.berriozar.es\/eu\/noticias\/inoiz-ez-da-ikasteko-berandu-helduen-prestakuntza-ikastaroa-4\/","og_locale":"eu_ES","og_type":"article","og_title":"Inoiz ez da ikasteko berandu. Helduen prestakuntza-ikastaroa - Ayuntamiento de Berriozar \/ Berriozarko Udala","og_description":"Jos\u00e9 Mar\u00eda Iribarren Helduen Oinarrizko Hezkuntzarako Zentroak gaztelania ikastaroak eskaintzen dizkie etorkinei. Helburua da ulermen eta adierazpen baliabideak ematea gaztelania egoki erabili ahal izateko hainbat egoeratan. Ikastaroa Jos\u00e9 Mar\u00eda Iribarren Helduen Oinarrizko Hezkuntzarako Zentro Publikoan ematen da eta, eskaeraren arabera, Iru\u00f1erriko auzo eta herrietan. Beraz, gure herrian ere antolatuko dira, eskaera nahikoa baldin badago. Matrikula [&hellip;]","og_url":"https:\/\/www.berriozar.es\/eu\/noticias\/inoiz-ez-da-ikasteko-berandu-helduen-prestakuntza-ikastaroa-4\/","og_site_name":"Ayuntamiento de Berriozar \/ Berriozarko Udala","article_modified_time":"2023-09-05T11:04:13+00:00","og_image":[{"width":720,"height":340,"url":"https:\/\/www.berriozar.es\/wp-content\/uploads\/2023\/07\/2023_APRENDER-berriozar23-24.jpg","type":"image\/jpeg"}],"twitter_card":"summary_large_image","twitter_misc":{"Est. reading time":"1 minute"},"schema":{"@context":"https:\/\/schema.org","@graph":[{"@type":"WebPage","@id":"https:\/\/www.berriozar.es\/eu\/noticias\/inoiz-ez-da-ikasteko-berandu-helduen-prestakuntza-ikastaroa-4\/","url":"https:\/\/www.berriozar.es\/eu\/noticias\/inoiz-ez-da-ikasteko-berandu-helduen-prestakuntza-ikastaroa-4\/","name":"Inoiz ez da ikasteko berandu. Helduen prestakuntza-ikastaroa - Ayuntamiento de Berriozar \/ Berriozarko Udala","isPartOf":{"@id":"https:\/\/www.berriozar.es\/#website"},"primaryImageOfPage":{"@id":"https:\/\/www.berriozar.es\/eu\/noticias\/inoiz-ez-da-ikasteko-berandu-helduen-prestakuntza-ikastaroa-4\/#primaryimage"},"image":{"@id":"https:\/\/www.berriozar.es\/eu\/noticias\/inoiz-ez-da-ikasteko-berandu-helduen-prestakuntza-ikastaroa-4\/#primaryimage"},"thumbnailUrl":"https:\/\/www.berriozar.es\/wp-content\/uploads\/2023\/07\/2023_APRENDER-berriozar23-24.jpg","datePublished":"2023-08-22T12:24:44+00:00","dateModified":"2023-09-05T11:04:13+00:00","breadcrumb":{"@id":"https:\/\/www.berriozar.es\/eu\/noticias\/inoiz-ez-da-ikasteko-berandu-helduen-prestakuntza-ikastaroa-4\/#breadcrumb"},"inLanguage":"eu-ES","potentialAction":[{"@type":"ReadAction","target":["https:\/\/www.berriozar.es\/eu\/noticias\/inoiz-ez-da-ikasteko-berandu-helduen-prestakuntza-ikastaroa-4\/"]}]},{"@type":"ImageObject","inLanguage":"eu-ES","@id":"https:\/\/www.berriozar.es\/eu\/noticias\/inoiz-ez-da-ikasteko-berandu-helduen-prestakuntza-ikastaroa-4\/#primaryimage","url":"https:\/\/www.berriozar.es\/wp-content\/uploads\/2023\/07\/2023_APRENDER-berriozar23-24.jpg","contentUrl":"https:\/\/www.berriozar.es\/wp-content\/uploads\/2023\/07\/2023_APRENDER-berriozar23-24.jpg","width":720,"height":340},{"@type":"BreadcrumbList","@id":"https:\/\/www.berriozar.es\/eu\/noticias\/inoiz-ez-da-ikasteko-berandu-helduen-prestakuntza-ikastaroa-4\/#breadcrumb","itemListElement":[{"@type":"ListItem","position":1,"name":"Portada","item":"https:\/\/www.berriozar.es\/"},{"@type":"ListItem","position":2,"name":"Noticias","item":"https:\/\/www.berriozar.es\/noticias\/"},{"@type":"ListItem","position":3,"name":"Inoiz ez da ikasteko berandu. Helduen prestakuntza-ikastaroa"}]},{"@type":"WebSite","@id":"https:\/\/www.berriozar.es\/#website","url":"https:\/\/www.berriozar.es\/","name":"Ayuntamiento de Berriozar \/ Berriozarko Udala","description":"Ayuntamiento de Berriozar \/ Berriozarko Udala","potentialAction":[{"@type":"SearchAction","target":{"@type":"EntryPoint","urlTemplate":"https:\/\/www.berriozar.es\/?s={search_term_string}"},"query-input":"required name=search_term_string"}],"inLanguage":"eu-ES"}]}},"_links":{"self":[{"href":"https:\/\/www.berriozar.es\/eu\/wp-json\/wp\/v2\/noticias\/35914"}],"collection":[{"href":"https:\/\/www.berriozar.es\/eu\/wp-json\/wp\/v2\/noticias"}],"about":[{"href":"https:\/\/www.berriozar.es\/eu\/wp-json\/wp\/v2\/types\/noticias"}],"author":[{"embeddable":true,"href":"https:\/\/www.berriozar.es\/eu\/wp-json\/wp\/v2\/users\/36"}],"replies":[{"embeddable":true,"href":"https:\/\/www.berriozar.es\/eu\/wp-json\/wp\/v2\/comments?post=35914"}],"wp:featuredmedia":[{"embeddable":true,"href":"https:\/\/www.berriozar.es\/eu\/wp-json\/wp\/v2\/media\/35911"}],"wp:attachment":[{"href":"https:\/\/www.berriozar.es\/eu\/wp-json\/wp\/v2\/media?parent=35914"}],"curies":[{"name":"wp","href":"https:\/\/api.w.org\/{rel}","templated":true}]}}