{"id":30145,"date":"2013-05-30T12:23:45","date_gmt":"2013-05-30T10:23:45","guid":{"rendered":"http:\/\/www.berriozar.es\/esquisiera-conocer-la-razon-por-la-cual-se-decidio-hacer-las-fiestas-del-dia-25-de-mayo-bajo-la-lluvia-en-lugar-de-aprovechar-los-espacios-cubiertos-con-los-que-cuenta-el-ayto-el-pabellon-del-po\/"},"modified":"2022-02-24T12:43:36","modified_gmt":"2022-02-24T11:43:36","slug":"esquisiera-conocer-la-razon-por-la-cual-se-decidio-hacer-las-fiestas-del-dia-25-de-mayo-bajo-la-lluvia-en-lugar-de-aprovechar-los-espacios-cubiertos-con-los-que-cuenta-el-ayto-el-pabellon-del-po","status":"publish","type":"post","link":"https:\/\/www.berriozar.es\/eu\/esquisiera-conocer-la-razon-por-la-cual-se-decidio-hacer-las-fiestas-del-dia-25-de-mayo-bajo-la-lluvia-en-lugar-de-aprovechar-los-espacios-cubiertos-con-los-que-cuenta-el-ayto-el-pabellon-del-po\/","title":{"rendered":"[:es]Quisiera conocer la raz\u00f3n por la cual se decidi\u00f3 hacer las fiestas del d\u00eda 25 de mayo bajo la lluvia en lugar de aprovechar los espacios cubiertos con los que cuenta el ayto&#8230; el pabell\u00f3n del polideportivo , y\/o el campo de futbito techado junto a las v\u00edas.  Hoy mi hijo terminar\u00e1 le d\u00eda enfermo, y como \u00e9l, muchos.  Ver a las ni\u00f1as y ni\u00f1os bailando bajo la lluvia, con los pies empapados era indignante, los gigantes y los que los segu\u00edamos moj\u00e1ndonos, los m\u00fasicos&#8230;  todos amonton\u00e1ndonos debajo de los porches, sin poder disfrutar, inc\u00f3modos, con fr\u00edo, mojados!!  Lo considero un desprop\u00f3sito y una falta de respeto al ciudadano, y principalmente a los ni\u00f1os y ni\u00f1as que son quienes mas disfrutan de las fiestas con gigantes, dantzas, m\u00fasica&#8230;  seguramente me dir\u00e1n que el polideportivo lo gestiona una empresa privada..pues a negociar para que el d\u00eda de las fiestas del pueblo se disponga del pabell\u00f3n, del espacio infantil&#8230; Y no me digan que no sospechaban que iba a llover&#8230;porque estamos en Nafarroa y aqu\u00ed la lluvia es una constante!!! (y consultando a cualquier informe meteorol\u00f3gico, TODOS daban lluvia!!)  Estoy indignada, enojada&#8230; espero una explicaci\u00f3n, porque por mas que me esfuerce no le encuentro l\u00f3gica alguna a \u00e9sta decisi\u00f3n .(25\/05\/13)"},"content":{"rendered":"<p>Hola, en primer lugar le agradecemos por ponerse en contacto con el ayuntamiento para que le respondamos a las preguntas que nos refiere respecto a las actuaciones del d\u00eda 25 de Mayo en la plaza Eguzki.<\/p>\n<p>En lo referente a las actuaciones tanto de danzas como comparsa el \u00e1rea de cultura del ayuntamiento valor\u00f3 la situaci\u00f3n y plante\u00f3 a los grupos implicados la conveniencia de celebrar o no algunas actuaciones previstas. As\u00ed los gigantes bailaron solo un vals y la banda actu\u00f3 por las calles y sali\u00f3 a la plaza cuando par\u00f3 de llover. Al grupo de danzas se les comento que esperaran a que a que dejara de llover, se nos contest\u00f3 que no pod\u00edan esperar y salieron a actuar por decisi\u00f3n propia.<\/p>\n<p>Desde el \u00e1rea de cultura la m\u00e1xima era que lo que no se pod\u00eda hacer por la lluvia no se hac\u00eda, puesto que \u00e9ramos conscientes de las previsiones meteorol\u00f3gicas.<\/p>\n<p>Por otro lado decirle que no es necesario negociar por el polideportivo ya que la gesti\u00f3n es de una empresa p\u00fablica del ayuntamiento y no privada como nos menciona, no se consider\u00f3 trasladar las actividades de ese d\u00eda a ninguno de los lugares cubiertos por la falta de espacio en ellos para agrupar todas las actividades como encajeras, h\u00e1bitos saludables, artesanos, banda de m\u00fasica, danzas, talos, etc.., y los asistentes a esos actos. En dichos lugares no quedar\u00eda sitio para que los colectivos de danzas y la comparsa puedan desarrollar su actividad en condiciones.<\/p>\n<p>En la pr\u00f3xima comisi\u00f3n de cultura se trataran el balance del pasado dia de Berriozar y se expondr\u00e1 su malestar.<\/p>\n<p>Espero haber contestado a todo lo que usted nos solicita.<\/p>\n<p>Un saludo.<\/p>\n<p>Concejal de Cultura; Mario Marcos Ucar<\/p>\n","protected":false},"excerpt":{"rendered":"<p>Hola, en primer lugar le agradecemos por ponerse en contacto con el ayuntamiento para que le respondamos a las preguntas que nos refiere respecto a las actuaciones del d\u00eda 25 de Mayo en la plaza Eguzki. En lo referente a las actuaciones tanto de danzas como comparsa el \u00e1rea de cultura del ayuntamiento valor\u00f3 la [&hellip;]<\/p>\n","protected":false},"author":36,"featured_media":0,"comment_status":"closed","ping_status":"closed","sticky":false,"template":"","format":"standard","meta":{"_exactmetrics_skip_tracking":false,"_exactmetrics_sitenote_active":false,"_exactmetrics_sitenote_note":"","_exactmetrics_sitenote_category":0,"footnotes":""},"categories":[188],"tags":[],"yoast_head":"<!-- This site is optimized with the Yoast SEO plugin v22.8 - https:\/\/yoast.com\/wordpress\/plugins\/seo\/ -->\r\n<title>[:es]Quisiera conocer la raz\u00f3n por la cual se decidi\u00f3 hacer las fiestas del d\u00eda 25 de mayo bajo la lluvia en lugar de aprovechar los espacios cubiertos con los que cuenta el ayto... el pabell\u00f3n del polideportivo , y\/o el campo de futbito techado junto a las v\u00edas. Hoy mi hijo terminar\u00e1 le d\u00eda enfermo, y como \u00e9l, muchos. Ver a las ni\u00f1as y ni\u00f1os bailando bajo la lluvia, con los pies empapados era indignante, los gigantes y los que los segu\u00edamos moj\u00e1ndonos, los m\u00fasicos... todos amonton\u00e1ndonos debajo de los porches, sin poder disfrutar, inc\u00f3modos, con fr\u00edo, mojados!! Lo considero un desprop\u00f3sito y una falta de respeto al ciudadano, y principalmente a los ni\u00f1os y ni\u00f1as que son quienes mas disfrutan de las fiestas con gigantes, dantzas, m\u00fasica... seguramente me dir\u00e1n que el polideportivo lo gestiona una empresa privada..pues a negociar para que el d\u00eda de las fiestas del pueblo se disponga del pabell\u00f3n, del espacio infantil... Y no me digan que no sospechaban que iba a llover...porque estamos en Nafarroa y aqu\u00ed la lluvia es una constante!!! (y consultando a cualquier informe meteorol\u00f3gico, TODOS daban lluvia!!) Estoy indignada, enojada... espero una explicaci\u00f3n, porque por mas que me esfuerce no le encuentro l\u00f3gica alguna a \u00e9sta decisi\u00f3n .(25\/05\/13) - Ayuntamiento de Berriozar \/ Berriozarko Udala<\/title>\r\n<meta name=\"robots\" content=\"index, follow, max-snippet:-1, max-image-preview:large, max-video-preview:-1\" \/>\r\n<link rel=\"canonical\" href=\"https:\/\/www.berriozar.es\/quisiera-conocer-la-razon-por-la-cual-se-decidio-hacer-las-fiestas-del-dia-25-de-mayo-bajo-la-lluvia-en-lugar-de-aprovechar-los-espacios-cubiertos-con-los-que-cuenta-el-ayto-el-pabellon-del-polidep\/\" \/>\r\n<meta property=\"og:locale\" content=\"eu_ES\" \/>\r\n<meta property=\"og:type\" content=\"article\" \/>\r\n<meta property=\"og:title\" content=\"[:es]Quisiera conocer la raz\u00f3n por la cual se decidi\u00f3 hacer las fiestas del d\u00eda 25 de mayo bajo la lluvia en lugar de aprovechar los espacios cubiertos con los que cuenta el ayto... el pabell\u00f3n del polideportivo , y\/o el campo de futbito techado junto a las v\u00edas. Hoy mi hijo terminar\u00e1 le d\u00eda enfermo, y como \u00e9l, muchos. Ver a las ni\u00f1as y ni\u00f1os bailando bajo la lluvia, con los pies empapados era indignante, los gigantes y los que los segu\u00edamos moj\u00e1ndonos, los m\u00fasicos... todos amonton\u00e1ndonos debajo de los porches, sin poder disfrutar, inc\u00f3modos, con fr\u00edo, mojados!! Lo considero un desprop\u00f3sito y una falta de respeto al ciudadano, y principalmente a los ni\u00f1os y ni\u00f1as que son quienes mas disfrutan de las fiestas con gigantes, dantzas, m\u00fasica... seguramente me dir\u00e1n que el polideportivo lo gestiona una empresa privada..pues a negociar para que el d\u00eda de las fiestas del pueblo se disponga del pabell\u00f3n, del espacio infantil... Y no me digan que no sospechaban que iba a llover...porque estamos en Nafarroa y aqu\u00ed la lluvia es una constante!!! (y consultando a cualquier informe meteorol\u00f3gico, TODOS daban lluvia!!) Estoy indignada, enojada... espero una explicaci\u00f3n, porque por mas que me esfuerce no le encuentro l\u00f3gica alguna a \u00e9sta decisi\u00f3n .(25\/05\/13) - Ayuntamiento de Berriozar \/ Berriozarko Udala\" \/>\r\n<meta property=\"og:description\" content=\"Hola, en primer lugar le agradecemos por ponerse en contacto con el ayuntamiento para que le respondamos a las preguntas que nos refiere respecto a las actuaciones del d\u00eda 25 de Mayo en la plaza Eguzki. En lo referente a las actuaciones tanto de danzas como comparsa el \u00e1rea de cultura del ayuntamiento valor\u00f3 la [&hellip;]\" \/>\r\n<meta property=\"og:url\" content=\"https:\/\/www.berriozar.es\/quisiera-conocer-la-razon-por-la-cual-se-decidio-hacer-las-fiestas-del-dia-25-de-mayo-bajo-la-lluvia-en-lugar-de-aprovechar-los-espacios-cubiertos-con-los-que-cuenta-el-ayto-el-pabellon-del-polidep\/\" \/>\r\n<meta property=\"og:site_name\" content=\"Ayuntamiento de Berriozar \/ Berriozarko Udala\" \/>\r\n<meta property=\"article:published_time\" content=\"2013-05-30T10:23:45+00:00\" \/>\r\n<meta property=\"article:modified_time\" content=\"2022-02-24T11:43:36+00:00\" \/>\r\n<meta name=\"author\" content=\"berriozar\" \/>\r\n<meta name=\"twitter:card\" content=\"summary_large_image\" \/>\r\n<meta name=\"twitter:label1\" content=\"Written by\" \/>\n\t<meta name=\"twitter:data1\" content=\"berriozar\" \/>\n\t<meta name=\"twitter:label2\" content=\"Est. reading time\" \/>\n\t<meta name=\"twitter:data2\" content=\"2 minutes\" \/>\r\n<script type=\"application\/ld+json\" class=\"yoast-schema-graph\">{\"@context\":\"https:\/\/schema.org\",\"@graph\":[{\"@type\":\"WebPage\",\"@id\":\"https:\/\/www.berriozar.es\/quisiera-conocer-la-razon-por-la-cual-se-decidio-hacer-las-fiestas-del-dia-25-de-mayo-bajo-la-lluvia-en-lugar-de-aprovechar-los-espacios-cubiertos-con-los-que-cuenta-el-ayto-el-pabellon-del-polidep\/\",\"url\":\"https:\/\/www.berriozar.es\/quisiera-conocer-la-razon-por-la-cual-se-decidio-hacer-las-fiestas-del-dia-25-de-mayo-bajo-la-lluvia-en-lugar-de-aprovechar-los-espacios-cubiertos-con-los-que-cuenta-el-ayto-el-pabellon-del-polidep\/\",\"name\":\"[:es]Quisiera conocer la raz\u00f3n por la cual se decidi\u00f3 hacer las fiestas del d\u00eda 25 de mayo bajo la lluvia en lugar de aprovechar los espacios cubiertos con los que cuenta el ayto... el pabell\u00f3n del polideportivo , y\/o el campo de futbito techado junto a las v\u00edas. Hoy mi hijo terminar\u00e1 le d\u00eda enfermo, y como \u00e9l, muchos. Ver a las ni\u00f1as y ni\u00f1os bailando bajo la lluvia, con los pies empapados era indignante, los gigantes y los que los segu\u00edamos moj\u00e1ndonos, los m\u00fasicos... todos amonton\u00e1ndonos debajo de los porches, sin poder disfrutar, inc\u00f3modos, con fr\u00edo, mojados!! Lo considero un desprop\u00f3sito y una falta de respeto al ciudadano, y principalmente a los ni\u00f1os y ni\u00f1as que son quienes mas disfrutan de las fiestas con gigantes, dantzas, m\u00fasica... seguramente me dir\u00e1n que el polideportivo lo gestiona una empresa privada..pues a negociar para que el d\u00eda de las fiestas del pueblo se disponga del pabell\u00f3n, del espacio infantil... Y no me digan que no sospechaban que iba a llover...porque estamos en Nafarroa y aqu\u00ed la lluvia es una constante!!! (y consultando a cualquier informe meteorol\u00f3gico, TODOS daban lluvia!!) Estoy indignada, enojada... espero una explicaci\u00f3n, porque por mas que me esfuerce no le encuentro l\u00f3gica alguna a \u00e9sta decisi\u00f3n .(25\/05\/13) - Ayuntamiento de Berriozar \/ Berriozarko Udala\",\"isPartOf\":{\"@id\":\"https:\/\/www.berriozar.es\/#website\"},\"datePublished\":\"2013-05-30T10:23:45+00:00\",\"dateModified\":\"2022-02-24T11:43:36+00:00\",\"author\":{\"@id\":\"https:\/\/www.berriozar.es\/#\/schema\/person\/873e251c799afa3ad2eed6828e04aef8\"},\"breadcrumb\":{\"@id\":\"https:\/\/www.berriozar.es\/quisiera-conocer-la-razon-por-la-cual-se-decidio-hacer-las-fiestas-del-dia-25-de-mayo-bajo-la-lluvia-en-lugar-de-aprovechar-los-espacios-cubiertos-con-los-que-cuenta-el-ayto-el-pabellon-del-polidep\/#breadcrumb\"},\"inLanguage\":\"eu-ES\",\"potentialAction\":[{\"@type\":\"ReadAction\",\"target\":[\"https:\/\/www.berriozar.es\/quisiera-conocer-la-razon-por-la-cual-se-decidio-hacer-las-fiestas-del-dia-25-de-mayo-bajo-la-lluvia-en-lugar-de-aprovechar-los-espacios-cubiertos-con-los-que-cuenta-el-ayto-el-pabellon-del-polidep\/\"]}]},{\"@type\":\"BreadcrumbList\",\"@id\":\"https:\/\/www.berriozar.es\/quisiera-conocer-la-razon-por-la-cual-se-decidio-hacer-las-fiestas-del-dia-25-de-mayo-bajo-la-lluvia-en-lugar-de-aprovechar-los-espacios-cubiertos-con-los-que-cuenta-el-ayto-el-pabellon-del-polidep\/#breadcrumb\",\"itemListElement\":[{\"@type\":\"ListItem\",\"position\":1,\"name\":\"Portada\",\"item\":\"https:\/\/www.berriozar.es\/\"},{\"@type\":\"ListItem\",\"position\":2,\"name\":\"[:es]Quisiera conocer la raz\u00f3n por la cual se decidi\u00f3 hacer las fiestas del d\u00eda 25 de mayo bajo la lluvia en lugar de aprovechar los espacios cubiertos con los que cuenta el ayto&#8230; el pabell\u00f3n del polideportivo , y\/o el campo de futbito techado junto a las v\u00edas. Hoy mi hijo terminar\u00e1 le d\u00eda enfermo, y como \u00e9l, muchos. Ver a las ni\u00f1as y ni\u00f1os bailando bajo la lluvia, con los pies empapados era indignante, los gigantes y los que los segu\u00edamos moj\u00e1ndonos, los m\u00fasicos&#8230; todos amonton\u00e1ndonos debajo de los porches, sin poder disfrutar, inc\u00f3modos, con fr\u00edo, mojados!! Lo considero un desprop\u00f3sito y una falta de respeto al ciudadano, y principalmente a los ni\u00f1os y ni\u00f1as que son quienes mas disfrutan de las fiestas con gigantes, dantzas, m\u00fasica&#8230; seguramente me dir\u00e1n que el polideportivo lo gestiona una empresa privada..pues a negociar para que el d\u00eda de las fiestas del pueblo se disponga del pabell\u00f3n, del espacio infantil&#8230; Y no me digan que no sospechaban que iba a llover&#8230;porque estamos en Nafarroa y aqu\u00ed la lluvia es una constante!!! (y consultando a cualquier informe meteorol\u00f3gico, TODOS daban lluvia!!) Estoy indignada, enojada&#8230; espero una explicaci\u00f3n, porque por mas que me esfuerce no le encuentro l\u00f3gica alguna a \u00e9sta decisi\u00f3n .(25\/05\/13)\"}]},{\"@type\":\"WebSite\",\"@id\":\"https:\/\/www.berriozar.es\/#website\",\"url\":\"https:\/\/www.berriozar.es\/\",\"name\":\"Ayuntamiento de Berriozar \/ Berriozarko Udala\",\"description\":\"Ayuntamiento de Berriozar \/ Berriozarko Udala\",\"potentialAction\":[{\"@type\":\"SearchAction\",\"target\":{\"@type\":\"EntryPoint\",\"urlTemplate\":\"https:\/\/www.berriozar.es\/?s={search_term_string}\"},\"query-input\":\"required name=search_term_string\"}],\"inLanguage\":\"eu-ES\"},{\"@type\":\"Person\",\"@id\":\"https:\/\/www.berriozar.es\/#\/schema\/person\/873e251c799afa3ad2eed6828e04aef8\",\"name\":\"berriozar\",\"image\":{\"@type\":\"ImageObject\",\"inLanguage\":\"eu-ES\",\"@id\":\"https:\/\/www.berriozar.es\/#\/schema\/person\/image\/\",\"url\":\"https:\/\/secure.gravatar.com\/avatar\/bd724fa56290368b6672f66dab245e72?s=96&d=mm&r=g\",\"contentUrl\":\"https:\/\/secure.gravatar.com\/avatar\/bd724fa56290368b6672f66dab245e72?s=96&d=mm&r=g\",\"caption\":\"berriozar\"},\"url\":\"https:\/\/www.berriozar.es\/eu\/author\/berriozar\/\"}]}<\/script>\r\n<!-- \/ Yoast SEO plugin. -->","yoast_head_json":{"title":"[:es]Quisiera conocer la raz\u00f3n por la cual se decidi\u00f3 hacer las fiestas del d\u00eda 25 de mayo bajo la lluvia en lugar de aprovechar los espacios cubiertos con los que cuenta el ayto... el pabell\u00f3n del polideportivo , y\/o el campo de futbito techado junto a las v\u00edas. Hoy mi hijo terminar\u00e1 le d\u00eda enfermo, y como \u00e9l, muchos. Ver a las ni\u00f1as y ni\u00f1os bailando bajo la lluvia, con los pies empapados era indignante, los gigantes y los que los segu\u00edamos moj\u00e1ndonos, los m\u00fasicos... todos amonton\u00e1ndonos debajo de los porches, sin poder disfrutar, inc\u00f3modos, con fr\u00edo, mojados!! Lo considero un desprop\u00f3sito y una falta de respeto al ciudadano, y principalmente a los ni\u00f1os y ni\u00f1as que son quienes mas disfrutan de las fiestas con gigantes, dantzas, m\u00fasica... seguramente me dir\u00e1n que el polideportivo lo gestiona una empresa privada..pues a negociar para que el d\u00eda de las fiestas del pueblo se disponga del pabell\u00f3n, del espacio infantil... Y no me digan que no sospechaban que iba a llover...porque estamos en Nafarroa y aqu\u00ed la lluvia es una constante!!! (y consultando a cualquier informe meteorol\u00f3gico, TODOS daban lluvia!!) Estoy indignada, enojada... espero una explicaci\u00f3n, porque por mas que me esfuerce no le encuentro l\u00f3gica alguna a \u00e9sta decisi\u00f3n .(25\/05\/13) - Ayuntamiento de Berriozar \/ Berriozarko Udala","robots":{"index":"index","follow":"follow","max-snippet":"max-snippet:-1","max-image-preview":"max-image-preview:large","max-video-preview":"max-video-preview:-1"},"canonical":"https:\/\/www.berriozar.es\/quisiera-conocer-la-razon-por-la-cual-se-decidio-hacer-las-fiestas-del-dia-25-de-mayo-bajo-la-lluvia-en-lugar-de-aprovechar-los-espacios-cubiertos-con-los-que-cuenta-el-ayto-el-pabellon-del-polidep\/","og_locale":"eu_ES","og_type":"article","og_title":"[:es]Quisiera conocer la raz\u00f3n por la cual se decidi\u00f3 hacer las fiestas del d\u00eda 25 de mayo bajo la lluvia en lugar de aprovechar los espacios cubiertos con los que cuenta el ayto... el pabell\u00f3n del polideportivo , y\/o el campo de futbito techado junto a las v\u00edas. Hoy mi hijo terminar\u00e1 le d\u00eda enfermo, y como \u00e9l, muchos. Ver a las ni\u00f1as y ni\u00f1os bailando bajo la lluvia, con los pies empapados era indignante, los gigantes y los que los segu\u00edamos moj\u00e1ndonos, los m\u00fasicos... todos amonton\u00e1ndonos debajo de los porches, sin poder disfrutar, inc\u00f3modos, con fr\u00edo, mojados!! Lo considero un desprop\u00f3sito y una falta de respeto al ciudadano, y principalmente a los ni\u00f1os y ni\u00f1as que son quienes mas disfrutan de las fiestas con gigantes, dantzas, m\u00fasica... seguramente me dir\u00e1n que el polideportivo lo gestiona una empresa privada..pues a negociar para que el d\u00eda de las fiestas del pueblo se disponga del pabell\u00f3n, del espacio infantil... Y no me digan que no sospechaban que iba a llover...porque estamos en Nafarroa y aqu\u00ed la lluvia es una constante!!! (y consultando a cualquier informe meteorol\u00f3gico, TODOS daban lluvia!!) Estoy indignada, enojada... espero una explicaci\u00f3n, porque por mas que me esfuerce no le encuentro l\u00f3gica alguna a \u00e9sta decisi\u00f3n .(25\/05\/13) - Ayuntamiento de Berriozar \/ Berriozarko Udala","og_description":"Hola, en primer lugar le agradecemos por ponerse en contacto con el ayuntamiento para que le respondamos a las preguntas que nos refiere respecto a las actuaciones del d\u00eda 25 de Mayo en la plaza Eguzki. En lo referente a las actuaciones tanto de danzas como comparsa el \u00e1rea de cultura del ayuntamiento valor\u00f3 la [&hellip;]","og_url":"https:\/\/www.berriozar.es\/quisiera-conocer-la-razon-por-la-cual-se-decidio-hacer-las-fiestas-del-dia-25-de-mayo-bajo-la-lluvia-en-lugar-de-aprovechar-los-espacios-cubiertos-con-los-que-cuenta-el-ayto-el-pabellon-del-polidep\/","og_site_name":"Ayuntamiento de Berriozar \/ Berriozarko Udala","article_published_time":"2013-05-30T10:23:45+00:00","article_modified_time":"2022-02-24T11:43:36+00:00","author":"berriozar","twitter_card":"summary_large_image","twitter_misc":{"Written by":"berriozar","Est. reading time":"2 minutes"},"schema":{"@context":"https:\/\/schema.org","@graph":[{"@type":"WebPage","@id":"https:\/\/www.berriozar.es\/quisiera-conocer-la-razon-por-la-cual-se-decidio-hacer-las-fiestas-del-dia-25-de-mayo-bajo-la-lluvia-en-lugar-de-aprovechar-los-espacios-cubiertos-con-los-que-cuenta-el-ayto-el-pabellon-del-polidep\/","url":"https:\/\/www.berriozar.es\/quisiera-conocer-la-razon-por-la-cual-se-decidio-hacer-las-fiestas-del-dia-25-de-mayo-bajo-la-lluvia-en-lugar-de-aprovechar-los-espacios-cubiertos-con-los-que-cuenta-el-ayto-el-pabellon-del-polidep\/","name":"[:es]Quisiera conocer la raz\u00f3n por la cual se decidi\u00f3 hacer las fiestas del d\u00eda 25 de mayo bajo la lluvia en lugar de aprovechar los espacios cubiertos con los que cuenta el ayto... el pabell\u00f3n del polideportivo , y\/o el campo de futbito techado junto a las v\u00edas. Hoy mi hijo terminar\u00e1 le d\u00eda enfermo, y como \u00e9l, muchos. Ver a las ni\u00f1as y ni\u00f1os bailando bajo la lluvia, con los pies empapados era indignante, los gigantes y los que los segu\u00edamos moj\u00e1ndonos, los m\u00fasicos... todos amonton\u00e1ndonos debajo de los porches, sin poder disfrutar, inc\u00f3modos, con fr\u00edo, mojados!! Lo considero un desprop\u00f3sito y una falta de respeto al ciudadano, y principalmente a los ni\u00f1os y ni\u00f1as que son quienes mas disfrutan de las fiestas con gigantes, dantzas, m\u00fasica... seguramente me dir\u00e1n que el polideportivo lo gestiona una empresa privada..pues a negociar para que el d\u00eda de las fiestas del pueblo se disponga del pabell\u00f3n, del espacio infantil... Y no me digan que no sospechaban que iba a llover...porque estamos en Nafarroa y aqu\u00ed la lluvia es una constante!!! (y consultando a cualquier informe meteorol\u00f3gico, TODOS daban lluvia!!) Estoy indignada, enojada... espero una explicaci\u00f3n, porque por mas que me esfuerce no le encuentro l\u00f3gica alguna a \u00e9sta decisi\u00f3n .(25\/05\/13) - Ayuntamiento de Berriozar \/ Berriozarko Udala","isPartOf":{"@id":"https:\/\/www.berriozar.es\/#website"},"datePublished":"2013-05-30T10:23:45+00:00","dateModified":"2022-02-24T11:43:36+00:00","author":{"@id":"https:\/\/www.berriozar.es\/#\/schema\/person\/873e251c799afa3ad2eed6828e04aef8"},"breadcrumb":{"@id":"https:\/\/www.berriozar.es\/quisiera-conocer-la-razon-por-la-cual-se-decidio-hacer-las-fiestas-del-dia-25-de-mayo-bajo-la-lluvia-en-lugar-de-aprovechar-los-espacios-cubiertos-con-los-que-cuenta-el-ayto-el-pabellon-del-polidep\/#breadcrumb"},"inLanguage":"eu-ES","potentialAction":[{"@type":"ReadAction","target":["https:\/\/www.berriozar.es\/quisiera-conocer-la-razon-por-la-cual-se-decidio-hacer-las-fiestas-del-dia-25-de-mayo-bajo-la-lluvia-en-lugar-de-aprovechar-los-espacios-cubiertos-con-los-que-cuenta-el-ayto-el-pabellon-del-polidep\/"]}]},{"@type":"BreadcrumbList","@id":"https:\/\/www.berriozar.es\/quisiera-conocer-la-razon-por-la-cual-se-decidio-hacer-las-fiestas-del-dia-25-de-mayo-bajo-la-lluvia-en-lugar-de-aprovechar-los-espacios-cubiertos-con-los-que-cuenta-el-ayto-el-pabellon-del-polidep\/#breadcrumb","itemListElement":[{"@type":"ListItem","position":1,"name":"Portada","item":"https:\/\/www.berriozar.es\/"},{"@type":"ListItem","position":2,"name":"[:es]Quisiera conocer la raz\u00f3n por la cual se decidi\u00f3 hacer las fiestas del d\u00eda 25 de mayo bajo la lluvia en lugar de aprovechar los espacios cubiertos con los que cuenta el ayto&#8230; el pabell\u00f3n del polideportivo , y\/o el campo de futbito techado junto a las v\u00edas. Hoy mi hijo terminar\u00e1 le d\u00eda enfermo, y como \u00e9l, muchos. Ver a las ni\u00f1as y ni\u00f1os bailando bajo la lluvia, con los pies empapados era indignante, los gigantes y los que los segu\u00edamos moj\u00e1ndonos, los m\u00fasicos&#8230; todos amonton\u00e1ndonos debajo de los porches, sin poder disfrutar, inc\u00f3modos, con fr\u00edo, mojados!! Lo considero un desprop\u00f3sito y una falta de respeto al ciudadano, y principalmente a los ni\u00f1os y ni\u00f1as que son quienes mas disfrutan de las fiestas con gigantes, dantzas, m\u00fasica&#8230; seguramente me dir\u00e1n que el polideportivo lo gestiona una empresa privada..pues a negociar para que el d\u00eda de las fiestas del pueblo se disponga del pabell\u00f3n, del espacio infantil&#8230; Y no me digan que no sospechaban que iba a llover&#8230;porque estamos en Nafarroa y aqu\u00ed la lluvia es una constante!!! (y consultando a cualquier informe meteorol\u00f3gico, TODOS daban lluvia!!) Estoy indignada, enojada&#8230; espero una explicaci\u00f3n, porque por mas que me esfuerce no le encuentro l\u00f3gica alguna a \u00e9sta decisi\u00f3n .(25\/05\/13)"}]},{"@type":"WebSite","@id":"https:\/\/www.berriozar.es\/#website","url":"https:\/\/www.berriozar.es\/","name":"Ayuntamiento de Berriozar \/ Berriozarko Udala","description":"Ayuntamiento de Berriozar \/ Berriozarko Udala","potentialAction":[{"@type":"SearchAction","target":{"@type":"EntryPoint","urlTemplate":"https:\/\/www.berriozar.es\/?s={search_term_string}"},"query-input":"required name=search_term_string"}],"inLanguage":"eu-ES"},{"@type":"Person","@id":"https:\/\/www.berriozar.es\/#\/schema\/person\/873e251c799afa3ad2eed6828e04aef8","name":"berriozar","image":{"@type":"ImageObject","inLanguage":"eu-ES","@id":"https:\/\/www.berriozar.es\/#\/schema\/person\/image\/","url":"https:\/\/secure.gravatar.com\/avatar\/bd724fa56290368b6672f66dab245e72?s=96&d=mm&r=g","contentUrl":"https:\/\/secure.gravatar.com\/avatar\/bd724fa56290368b6672f66dab245e72?s=96&d=mm&r=g","caption":"berriozar"},"url":"https:\/\/www.berriozar.es\/eu\/author\/berriozar\/"}]}},"_links":{"self":[{"href":"https:\/\/www.berriozar.es\/eu\/wp-json\/wp\/v2\/posts\/30145"}],"collection":[{"href":"https:\/\/www.berriozar.es\/eu\/wp-json\/wp\/v2\/posts"}],"about":[{"href":"https:\/\/www.berriozar.es\/eu\/wp-json\/wp\/v2\/types\/post"}],"author":[{"embeddable":true,"href":"https:\/\/www.berriozar.es\/eu\/wp-json\/wp\/v2\/users\/36"}],"replies":[{"embeddable":true,"href":"https:\/\/www.berriozar.es\/eu\/wp-json\/wp\/v2\/comments?post=30145"}],"version-history":[{"count":1,"href":"https:\/\/www.berriozar.es\/eu\/wp-json\/wp\/v2\/posts\/30145\/revisions"}],"predecessor-version":[{"id":32885,"href":"https:\/\/www.berriozar.es\/eu\/wp-json\/wp\/v2\/posts\/30145\/revisions\/32885"}],"wp:attachment":[{"href":"https:\/\/www.berriozar.es\/eu\/wp-json\/wp\/v2\/media?parent=30145"}],"wp:term":[{"taxonomy":"category","embeddable":true,"href":"https:\/\/www.berriozar.es\/eu\/wp-json\/wp\/v2\/categories?post=30145"},{"taxonomy":"post_tag","embeddable":true,"href":"https:\/\/www.berriozar.es\/eu\/wp-json\/wp\/v2\/tags?post=30145"}],"curies":[{"name":"wp","href":"https:\/\/api.w.org\/{rel}","templated":true}]}}