{"id":30219,"date":"2013-10-22T13:13:12","date_gmt":"2013-10-22T11:13:12","guid":{"rendered":"http:\/\/www.berriozar.es\/esen-la-trasera-de-la-vivienda-tengo-un-arbol-con-un-desarrollo-tan-grande-que-sus-ramas-estan-invadiendo-la-zona-de-jardin-en-prevencion-de-lo-que-pueda-suceder-por-rotura-de-ramas-le-agradeceri\/"},"modified":"2022-02-24T12:42:14","modified_gmt":"2022-02-24T11:42:14","slug":"esen-la-trasera-de-la-vivienda-tengo-un-arbol-con-un-desarrollo-tan-grande-que-sus-ramas-estan-invadiendo-la-zona-de-jardin-en-prevencion-de-lo-que-pueda-suceder-por-rotura-de-ramas-le-agradeceri","status":"publish","type":"post","link":"https:\/\/www.berriozar.es\/eu\/esen-la-trasera-de-la-vivienda-tengo-un-arbol-con-un-desarrollo-tan-grande-que-sus-ramas-estan-invadiendo-la-zona-de-jardin-en-prevencion-de-lo-que-pueda-suceder-por-rotura-de-ramas-le-agradeceri\/","title":{"rendered":"[:es]En la trasera de la vivienda tengo un arbol con un desarrollo tan grande que sus ramas est\u00e1n invadiendo la zona de jard\u00edn. En prevenci\u00f3n de lo que pueda suceder por rotura de ramas, le agradecer\u00eda una poda exhaustiva o su sustituci\u00f3n si fuera posible. Saludos.(15\/10\/13)"},"content":{"rendered":"<p>Buenos d\u00edas \/ Egun on<\/p>\n<p>Tras revisar el citado \u00e1rbol con el responsable de jardines, desde el \u00c1rea de Urbanismo y Medio Ambiente se ha tomado la decisi\u00f3n, considerando el riesgo de ca\u00edda de ramas, de proceder a la poda de aquellas ramas que pueden ocasionar un peligro en la v\u00eda publica y que tambi\u00e9n pueden afectar a su propiedad.<\/p>\n<p>Le agradecemos de antemano su colaboraci\u00f3n con el Ayuntamiento de Berriozar.<\/p>\n<p>Un saludo. Agur bero bat.<\/p>\n","protected":false},"excerpt":{"rendered":"<p>Buenos d\u00edas \/ Egun on Tras revisar el citado \u00e1rbol con el responsable de jardines, desde el \u00c1rea de Urbanismo y Medio Ambiente se ha tomado la decisi\u00f3n, considerando el riesgo de ca\u00edda de ramas, de proceder a la poda de aquellas ramas que pueden ocasionar un peligro en la v\u00eda publica y que tambi\u00e9n [&hellip;]<\/p>\n","protected":false},"author":36,"featured_media":0,"comment_status":"closed","ping_status":"closed","sticky":false,"template":"","format":"standard","meta":{"_exactmetrics_skip_tracking":false,"_exactmetrics_sitenote_active":false,"_exactmetrics_sitenote_note":"","_exactmetrics_sitenote_category":0,"footnotes":""},"categories":[188],"tags":[],"yoast_head":"<!-- This site is optimized with the Yoast SEO plugin v22.8 - https:\/\/yoast.com\/wordpress\/plugins\/seo\/ -->\r\n<title>[:es]En la trasera de la vivienda tengo un arbol con un desarrollo tan grande que sus ramas est\u00e1n invadiendo la zona de jard\u00edn. En prevenci\u00f3n de lo que pueda suceder por rotura de ramas, le agradecer\u00eda una poda exhaustiva o su sustituci\u00f3n si fuera posible. Saludos.(15\/10\/13) - Ayuntamiento de Berriozar \/ Berriozarko Udala<\/title>\r\n<meta name=\"robots\" content=\"index, follow, max-snippet:-1, max-image-preview:large, max-video-preview:-1\" \/>\r\n<link rel=\"canonical\" href=\"https:\/\/www.berriozar.es\/en-la-trasera-de-la-vivienda-tengo-un-arbol-con-un-desarrollo-tan-grande-que-sus-ramas-estan-invadiendo-la-zona-de-jardin-en-prevencion-de-lo-que-pueda-suceder-por-rotura-de-ramas-le-agradeceria-una\/\" \/>\r\n<meta property=\"og:locale\" content=\"eu_ES\" \/>\r\n<meta property=\"og:type\" content=\"article\" \/>\r\n<meta property=\"og:title\" content=\"[:es]En la trasera de la vivienda tengo un arbol con un desarrollo tan grande que sus ramas est\u00e1n invadiendo la zona de jard\u00edn. En prevenci\u00f3n de lo que pueda suceder por rotura de ramas, le agradecer\u00eda una poda exhaustiva o su sustituci\u00f3n si fuera posible. Saludos.(15\/10\/13) - Ayuntamiento de Berriozar \/ Berriozarko Udala\" \/>\r\n<meta property=\"og:description\" content=\"Buenos d\u00edas \/ Egun on Tras revisar el citado \u00e1rbol con el responsable de jardines, desde el \u00c1rea de Urbanismo y Medio Ambiente se ha tomado la decisi\u00f3n, considerando el riesgo de ca\u00edda de ramas, de proceder a la poda de aquellas ramas que pueden ocasionar un peligro en la v\u00eda publica y que tambi\u00e9n [&hellip;]\" \/>\r\n<meta property=\"og:url\" content=\"https:\/\/www.berriozar.es\/en-la-trasera-de-la-vivienda-tengo-un-arbol-con-un-desarrollo-tan-grande-que-sus-ramas-estan-invadiendo-la-zona-de-jardin-en-prevencion-de-lo-que-pueda-suceder-por-rotura-de-ramas-le-agradeceria-una\/\" \/>\r\n<meta property=\"og:site_name\" content=\"Ayuntamiento de Berriozar \/ Berriozarko Udala\" \/>\r\n<meta property=\"article:published_time\" content=\"2013-10-22T11:13:12+00:00\" \/>\r\n<meta property=\"article:modified_time\" content=\"2022-02-24T11:42:14+00:00\" \/>\r\n<meta name=\"author\" content=\"berriozar\" \/>\r\n<meta name=\"twitter:card\" content=\"summary_large_image\" \/>\r\n<meta name=\"twitter:label1\" content=\"Written by\" \/>\n\t<meta name=\"twitter:data1\" content=\"berriozar\" \/>\r\n<script type=\"application\/ld+json\" class=\"yoast-schema-graph\">{\"@context\":\"https:\/\/schema.org\",\"@graph\":[{\"@type\":\"WebPage\",\"@id\":\"https:\/\/www.berriozar.es\/en-la-trasera-de-la-vivienda-tengo-un-arbol-con-un-desarrollo-tan-grande-que-sus-ramas-estan-invadiendo-la-zona-de-jardin-en-prevencion-de-lo-que-pueda-suceder-por-rotura-de-ramas-le-agradeceria-una\/\",\"url\":\"https:\/\/www.berriozar.es\/en-la-trasera-de-la-vivienda-tengo-un-arbol-con-un-desarrollo-tan-grande-que-sus-ramas-estan-invadiendo-la-zona-de-jardin-en-prevencion-de-lo-que-pueda-suceder-por-rotura-de-ramas-le-agradeceria-una\/\",\"name\":\"[:es]En la trasera de la vivienda tengo un arbol con un desarrollo tan grande que sus ramas est\u00e1n invadiendo la zona de jard\u00edn. En prevenci\u00f3n de lo que pueda suceder por rotura de ramas, le agradecer\u00eda una poda exhaustiva o su sustituci\u00f3n si fuera posible. Saludos.(15\/10\/13) - Ayuntamiento de Berriozar \/ Berriozarko Udala\",\"isPartOf\":{\"@id\":\"https:\/\/www.berriozar.es\/#website\"},\"datePublished\":\"2013-10-22T11:13:12+00:00\",\"dateModified\":\"2022-02-24T11:42:14+00:00\",\"author\":{\"@id\":\"https:\/\/www.berriozar.es\/#\/schema\/person\/873e251c799afa3ad2eed6828e04aef8\"},\"breadcrumb\":{\"@id\":\"https:\/\/www.berriozar.es\/en-la-trasera-de-la-vivienda-tengo-un-arbol-con-un-desarrollo-tan-grande-que-sus-ramas-estan-invadiendo-la-zona-de-jardin-en-prevencion-de-lo-que-pueda-suceder-por-rotura-de-ramas-le-agradeceria-una\/#breadcrumb\"},\"inLanguage\":\"eu-ES\",\"potentialAction\":[{\"@type\":\"ReadAction\",\"target\":[\"https:\/\/www.berriozar.es\/en-la-trasera-de-la-vivienda-tengo-un-arbol-con-un-desarrollo-tan-grande-que-sus-ramas-estan-invadiendo-la-zona-de-jardin-en-prevencion-de-lo-que-pueda-suceder-por-rotura-de-ramas-le-agradeceria-una\/\"]}]},{\"@type\":\"BreadcrumbList\",\"@id\":\"https:\/\/www.berriozar.es\/en-la-trasera-de-la-vivienda-tengo-un-arbol-con-un-desarrollo-tan-grande-que-sus-ramas-estan-invadiendo-la-zona-de-jardin-en-prevencion-de-lo-que-pueda-suceder-por-rotura-de-ramas-le-agradeceria-una\/#breadcrumb\",\"itemListElement\":[{\"@type\":\"ListItem\",\"position\":1,\"name\":\"Portada\",\"item\":\"https:\/\/www.berriozar.es\/\"},{\"@type\":\"ListItem\",\"position\":2,\"name\":\"[:es]En la trasera de la vivienda tengo un arbol con un desarrollo tan grande que sus ramas est\u00e1n invadiendo la zona de jard\u00edn. En prevenci\u00f3n de lo que pueda suceder por rotura de ramas, le agradecer\u00eda una poda exhaustiva o su sustituci\u00f3n si fuera posible. Saludos.(15\/10\/13)\"}]},{\"@type\":\"WebSite\",\"@id\":\"https:\/\/www.berriozar.es\/#website\",\"url\":\"https:\/\/www.berriozar.es\/\",\"name\":\"Ayuntamiento de Berriozar \/ Berriozarko Udala\",\"description\":\"Ayuntamiento de Berriozar \/ Berriozarko Udala\",\"potentialAction\":[{\"@type\":\"SearchAction\",\"target\":{\"@type\":\"EntryPoint\",\"urlTemplate\":\"https:\/\/www.berriozar.es\/?s={search_term_string}\"},\"query-input\":\"required name=search_term_string\"}],\"inLanguage\":\"eu-ES\"},{\"@type\":\"Person\",\"@id\":\"https:\/\/www.berriozar.es\/#\/schema\/person\/873e251c799afa3ad2eed6828e04aef8\",\"name\":\"berriozar\",\"image\":{\"@type\":\"ImageObject\",\"inLanguage\":\"eu-ES\",\"@id\":\"https:\/\/www.berriozar.es\/#\/schema\/person\/image\/\",\"url\":\"https:\/\/secure.gravatar.com\/avatar\/bd724fa56290368b6672f66dab245e72?s=96&d=mm&r=g\",\"contentUrl\":\"https:\/\/secure.gravatar.com\/avatar\/bd724fa56290368b6672f66dab245e72?s=96&d=mm&r=g\",\"caption\":\"berriozar\"},\"url\":\"https:\/\/www.berriozar.es\/eu\/author\/berriozar\/\"}]}<\/script>\r\n<!-- \/ Yoast SEO plugin. -->","yoast_head_json":{"title":"[:es]En la trasera de la vivienda tengo un arbol con un desarrollo tan grande que sus ramas est\u00e1n invadiendo la zona de jard\u00edn. En prevenci\u00f3n de lo que pueda suceder por rotura de ramas, le agradecer\u00eda una poda exhaustiva o su sustituci\u00f3n si fuera posible. Saludos.(15\/10\/13) - Ayuntamiento de Berriozar \/ Berriozarko Udala","robots":{"index":"index","follow":"follow","max-snippet":"max-snippet:-1","max-image-preview":"max-image-preview:large","max-video-preview":"max-video-preview:-1"},"canonical":"https:\/\/www.berriozar.es\/en-la-trasera-de-la-vivienda-tengo-un-arbol-con-un-desarrollo-tan-grande-que-sus-ramas-estan-invadiendo-la-zona-de-jardin-en-prevencion-de-lo-que-pueda-suceder-por-rotura-de-ramas-le-agradeceria-una\/","og_locale":"eu_ES","og_type":"article","og_title":"[:es]En la trasera de la vivienda tengo un arbol con un desarrollo tan grande que sus ramas est\u00e1n invadiendo la zona de jard\u00edn. En prevenci\u00f3n de lo que pueda suceder por rotura de ramas, le agradecer\u00eda una poda exhaustiva o su sustituci\u00f3n si fuera posible. Saludos.(15\/10\/13) - Ayuntamiento de Berriozar \/ Berriozarko Udala","og_description":"Buenos d\u00edas \/ Egun on Tras revisar el citado \u00e1rbol con el responsable de jardines, desde el \u00c1rea de Urbanismo y Medio Ambiente se ha tomado la decisi\u00f3n, considerando el riesgo de ca\u00edda de ramas, de proceder a la poda de aquellas ramas que pueden ocasionar un peligro en la v\u00eda publica y que tambi\u00e9n [&hellip;]","og_url":"https:\/\/www.berriozar.es\/en-la-trasera-de-la-vivienda-tengo-un-arbol-con-un-desarrollo-tan-grande-que-sus-ramas-estan-invadiendo-la-zona-de-jardin-en-prevencion-de-lo-que-pueda-suceder-por-rotura-de-ramas-le-agradeceria-una\/","og_site_name":"Ayuntamiento de Berriozar \/ Berriozarko Udala","article_published_time":"2013-10-22T11:13:12+00:00","article_modified_time":"2022-02-24T11:42:14+00:00","author":"berriozar","twitter_card":"summary_large_image","twitter_misc":{"Written by":"berriozar"},"schema":{"@context":"https:\/\/schema.org","@graph":[{"@type":"WebPage","@id":"https:\/\/www.berriozar.es\/en-la-trasera-de-la-vivienda-tengo-un-arbol-con-un-desarrollo-tan-grande-que-sus-ramas-estan-invadiendo-la-zona-de-jardin-en-prevencion-de-lo-que-pueda-suceder-por-rotura-de-ramas-le-agradeceria-una\/","url":"https:\/\/www.berriozar.es\/en-la-trasera-de-la-vivienda-tengo-un-arbol-con-un-desarrollo-tan-grande-que-sus-ramas-estan-invadiendo-la-zona-de-jardin-en-prevencion-de-lo-que-pueda-suceder-por-rotura-de-ramas-le-agradeceria-una\/","name":"[:es]En la trasera de la vivienda tengo un arbol con un desarrollo tan grande que sus ramas est\u00e1n invadiendo la zona de jard\u00edn. En prevenci\u00f3n de lo que pueda suceder por rotura de ramas, le agradecer\u00eda una poda exhaustiva o su sustituci\u00f3n si fuera posible. Saludos.(15\/10\/13) - Ayuntamiento de Berriozar \/ Berriozarko Udala","isPartOf":{"@id":"https:\/\/www.berriozar.es\/#website"},"datePublished":"2013-10-22T11:13:12+00:00","dateModified":"2022-02-24T11:42:14+00:00","author":{"@id":"https:\/\/www.berriozar.es\/#\/schema\/person\/873e251c799afa3ad2eed6828e04aef8"},"breadcrumb":{"@id":"https:\/\/www.berriozar.es\/en-la-trasera-de-la-vivienda-tengo-un-arbol-con-un-desarrollo-tan-grande-que-sus-ramas-estan-invadiendo-la-zona-de-jardin-en-prevencion-de-lo-que-pueda-suceder-por-rotura-de-ramas-le-agradeceria-una\/#breadcrumb"},"inLanguage":"eu-ES","potentialAction":[{"@type":"ReadAction","target":["https:\/\/www.berriozar.es\/en-la-trasera-de-la-vivienda-tengo-un-arbol-con-un-desarrollo-tan-grande-que-sus-ramas-estan-invadiendo-la-zona-de-jardin-en-prevencion-de-lo-que-pueda-suceder-por-rotura-de-ramas-le-agradeceria-una\/"]}]},{"@type":"BreadcrumbList","@id":"https:\/\/www.berriozar.es\/en-la-trasera-de-la-vivienda-tengo-un-arbol-con-un-desarrollo-tan-grande-que-sus-ramas-estan-invadiendo-la-zona-de-jardin-en-prevencion-de-lo-que-pueda-suceder-por-rotura-de-ramas-le-agradeceria-una\/#breadcrumb","itemListElement":[{"@type":"ListItem","position":1,"name":"Portada","item":"https:\/\/www.berriozar.es\/"},{"@type":"ListItem","position":2,"name":"[:es]En la trasera de la vivienda tengo un arbol con un desarrollo tan grande que sus ramas est\u00e1n invadiendo la zona de jard\u00edn. En prevenci\u00f3n de lo que pueda suceder por rotura de ramas, le agradecer\u00eda una poda exhaustiva o su sustituci\u00f3n si fuera posible. Saludos.(15\/10\/13)"}]},{"@type":"WebSite","@id":"https:\/\/www.berriozar.es\/#website","url":"https:\/\/www.berriozar.es\/","name":"Ayuntamiento de Berriozar \/ Berriozarko Udala","description":"Ayuntamiento de Berriozar \/ Berriozarko Udala","potentialAction":[{"@type":"SearchAction","target":{"@type":"EntryPoint","urlTemplate":"https:\/\/www.berriozar.es\/?s={search_term_string}"},"query-input":"required name=search_term_string"}],"inLanguage":"eu-ES"},{"@type":"Person","@id":"https:\/\/www.berriozar.es\/#\/schema\/person\/873e251c799afa3ad2eed6828e04aef8","name":"berriozar","image":{"@type":"ImageObject","inLanguage":"eu-ES","@id":"https:\/\/www.berriozar.es\/#\/schema\/person\/image\/","url":"https:\/\/secure.gravatar.com\/avatar\/bd724fa56290368b6672f66dab245e72?s=96&d=mm&r=g","contentUrl":"https:\/\/secure.gravatar.com\/avatar\/bd724fa56290368b6672f66dab245e72?s=96&d=mm&r=g","caption":"berriozar"},"url":"https:\/\/www.berriozar.es\/eu\/author\/berriozar\/"}]}},"_links":{"self":[{"href":"https:\/\/www.berriozar.es\/eu\/wp-json\/wp\/v2\/posts\/30219"}],"collection":[{"href":"https:\/\/www.berriozar.es\/eu\/wp-json\/wp\/v2\/posts"}],"about":[{"href":"https:\/\/www.berriozar.es\/eu\/wp-json\/wp\/v2\/types\/post"}],"author":[{"embeddable":true,"href":"https:\/\/www.berriozar.es\/eu\/wp-json\/wp\/v2\/users\/36"}],"replies":[{"embeddable":true,"href":"https:\/\/www.berriozar.es\/eu\/wp-json\/wp\/v2\/comments?post=30219"}],"version-history":[{"count":1,"href":"https:\/\/www.berriozar.es\/eu\/wp-json\/wp\/v2\/posts\/30219\/revisions"}],"predecessor-version":[{"id":32876,"href":"https:\/\/www.berriozar.es\/eu\/wp-json\/wp\/v2\/posts\/30219\/revisions\/32876"}],"wp:attachment":[{"href":"https:\/\/www.berriozar.es\/eu\/wp-json\/wp\/v2\/media?parent=30219"}],"wp:term":[{"taxonomy":"category","embeddable":true,"href":"https:\/\/www.berriozar.es\/eu\/wp-json\/wp\/v2\/categories?post=30219"},{"taxonomy":"post_tag","embeddable":true,"href":"https:\/\/www.berriozar.es\/eu\/wp-json\/wp\/v2\/tags?post=30219"}],"curies":[{"name":"wp","href":"https:\/\/api.w.org\/{rel}","templated":true}]}}