{"id":30297,"date":"2014-02-03T09:40:48","date_gmt":"2014-02-03T08:40:48","guid":{"rendered":"http:\/\/www.berriozar.es\/esen-la-calle-canada-real-de-las-provincias-donde-el-icenter-y-el-bar-rokaberri-los-coches-van-con-mucha-velocidad-no-estaria-mal-que-se-pondrian-guardas-dormidos-para-disminuir-la-velocidad-y-el\/"},"modified":"2022-02-24T12:42:11","modified_gmt":"2022-02-24T11:42:11","slug":"esen-la-calle-canada-real-de-las-provincias-donde-el-icenter-y-el-bar-rokaberri-los-coches-van-con-mucha-velocidad-no-estaria-mal-que-se-pondrian-guardas-dormidos-para-disminuir-la-velocidad-y-el","status":"publish","type":"post","link":"https:\/\/www.berriozar.es\/eu\/esen-la-calle-canada-real-de-las-provincias-donde-el-icenter-y-el-bar-rokaberri-los-coches-van-con-mucha-velocidad-no-estaria-mal-que-se-pondrian-guardas-dormidos-para-disminuir-la-velocidad-y-el\/","title":{"rendered":"[:es]En la calle ca\u00f1ada real de las provincias donde el icenter y el Bar Rokaberri los coches van con mucha velocidad. No estar\u00eda mal que se pondr\u00edan guardas dormidos para disminuir la velocidad  y el paso de cebra que hay para ir por debajo de la carretera hacia \u00e1rtica deber\u00eda estar mas se\u00f1alizado porque mas de uno ni cede ni seda de cuenta que esta el paso de peatones. Un saludo (28\/01\/14)"},"content":{"rendered":"<p>Por el presente escrito te informamos de que la zona a la que haces menci\u00f3n no pertenece al t\u00e9rmino municipal de Berriozar sino al de Artika (Berrioplano). En la parte de la C\/ Ca\u00f1ada Real que corresponde a nuestro municipio, est\u00e1n las aceras urbanizadas y existen en la carretera resaltes para disminuir la velocidad de los veh\u00edculos. Entendemos pues, que deber\u00e1s de dirigirte al Ayuntamiento de Berrioplano para exponerles tu queja, no obstante nosotros les haremos llegar tu escrito.<\/p>\n<p>Muchas gracias por tu colaboraci\u00f3n. Mila esker.<\/p>\n<p>Raul Maiza.<br \/>\nConcejal de Urbanismo y Medio Ambiente.<\/p>\n","protected":false},"excerpt":{"rendered":"<p>Por el presente escrito te informamos de que la zona a la que haces menci\u00f3n no pertenece al t\u00e9rmino municipal de Berriozar sino al de Artika (Berrioplano). En la parte de la C\/ Ca\u00f1ada Real que corresponde a nuestro municipio, est\u00e1n las aceras urbanizadas y existen en la carretera resaltes para disminuir la velocidad de [&hellip;]<\/p>\n","protected":false},"author":36,"featured_media":0,"comment_status":"closed","ping_status":"closed","sticky":false,"template":"","format":"standard","meta":{"_exactmetrics_skip_tracking":false,"_exactmetrics_sitenote_active":false,"_exactmetrics_sitenote_note":"","_exactmetrics_sitenote_category":0,"footnotes":""},"categories":[188],"tags":[],"yoast_head":"<!-- This site is optimized with the Yoast SEO plugin v22.8 - https:\/\/yoast.com\/wordpress\/plugins\/seo\/ -->\r\n<title>[:es]En la calle ca\u00f1ada real de las provincias donde el icenter y el Bar Rokaberri los coches van con mucha velocidad. No estar\u00eda mal que se pondr\u00edan guardas dormidos para disminuir la velocidad y el paso de cebra que hay para ir por debajo de la carretera hacia \u00e1rtica deber\u00eda estar mas se\u00f1alizado porque mas de uno ni cede ni seda de cuenta que esta el paso de peatones. Un saludo (28\/01\/14) - Ayuntamiento de Berriozar \/ Berriozarko Udala<\/title>\r\n<meta name=\"robots\" content=\"index, follow, max-snippet:-1, max-image-preview:large, max-video-preview:-1\" \/>\r\n<link rel=\"canonical\" href=\"https:\/\/www.berriozar.es\/en-la-calle-canada-real-de-las-provincias-donde-el-icenter-y-el-bar-rokaberri-los-coches-van-con-mucha-velocidad-no-estaria-mal-que-se-pondrian-guardas-dormidos-para-disminuir-la-velocidad-y-el-paso\/\" \/>\r\n<meta property=\"og:locale\" content=\"eu_ES\" \/>\r\n<meta property=\"og:type\" content=\"article\" \/>\r\n<meta property=\"og:title\" content=\"[:es]En la calle ca\u00f1ada real de las provincias donde el icenter y el Bar Rokaberri los coches van con mucha velocidad. No estar\u00eda mal que se pondr\u00edan guardas dormidos para disminuir la velocidad y el paso de cebra que hay para ir por debajo de la carretera hacia \u00e1rtica deber\u00eda estar mas se\u00f1alizado porque mas de uno ni cede ni seda de cuenta que esta el paso de peatones. Un saludo (28\/01\/14) - Ayuntamiento de Berriozar \/ Berriozarko Udala\" \/>\r\n<meta property=\"og:description\" content=\"Por el presente escrito te informamos de que la zona a la que haces menci\u00f3n no pertenece al t\u00e9rmino municipal de Berriozar sino al de Artika (Berrioplano). En la parte de la C\/ Ca\u00f1ada Real que corresponde a nuestro municipio, est\u00e1n las aceras urbanizadas y existen en la carretera resaltes para disminuir la velocidad de [&hellip;]\" \/>\r\n<meta property=\"og:url\" content=\"https:\/\/www.berriozar.es\/en-la-calle-canada-real-de-las-provincias-donde-el-icenter-y-el-bar-rokaberri-los-coches-van-con-mucha-velocidad-no-estaria-mal-que-se-pondrian-guardas-dormidos-para-disminuir-la-velocidad-y-el-paso\/\" \/>\r\n<meta property=\"og:site_name\" content=\"Ayuntamiento de Berriozar \/ Berriozarko Udala\" \/>\r\n<meta property=\"article:published_time\" content=\"2014-02-03T08:40:48+00:00\" \/>\r\n<meta property=\"article:modified_time\" content=\"2022-02-24T11:42:11+00:00\" \/>\r\n<meta name=\"author\" content=\"berriozar\" \/>\r\n<meta name=\"twitter:card\" content=\"summary_large_image\" \/>\r\n<meta name=\"twitter:label1\" content=\"Written by\" \/>\n\t<meta name=\"twitter:data1\" content=\"berriozar\" \/>\n\t<meta name=\"twitter:label2\" content=\"Est. reading time\" \/>\n\t<meta name=\"twitter:data2\" content=\"1 minute\" \/>\r\n<script type=\"application\/ld+json\" class=\"yoast-schema-graph\">{\"@context\":\"https:\/\/schema.org\",\"@graph\":[{\"@type\":\"WebPage\",\"@id\":\"https:\/\/www.berriozar.es\/en-la-calle-canada-real-de-las-provincias-donde-el-icenter-y-el-bar-rokaberri-los-coches-van-con-mucha-velocidad-no-estaria-mal-que-se-pondrian-guardas-dormidos-para-disminuir-la-velocidad-y-el-paso\/\",\"url\":\"https:\/\/www.berriozar.es\/en-la-calle-canada-real-de-las-provincias-donde-el-icenter-y-el-bar-rokaberri-los-coches-van-con-mucha-velocidad-no-estaria-mal-que-se-pondrian-guardas-dormidos-para-disminuir-la-velocidad-y-el-paso\/\",\"name\":\"[:es]En la calle ca\u00f1ada real de las provincias donde el icenter y el Bar Rokaberri los coches van con mucha velocidad. No estar\u00eda mal que se pondr\u00edan guardas dormidos para disminuir la velocidad y el paso de cebra que hay para ir por debajo de la carretera hacia \u00e1rtica deber\u00eda estar mas se\u00f1alizado porque mas de uno ni cede ni seda de cuenta que esta el paso de peatones. Un saludo (28\/01\/14) - Ayuntamiento de Berriozar \/ Berriozarko Udala\",\"isPartOf\":{\"@id\":\"https:\/\/www.berriozar.es\/#website\"},\"datePublished\":\"2014-02-03T08:40:48+00:00\",\"dateModified\":\"2022-02-24T11:42:11+00:00\",\"author\":{\"@id\":\"https:\/\/www.berriozar.es\/#\/schema\/person\/873e251c799afa3ad2eed6828e04aef8\"},\"breadcrumb\":{\"@id\":\"https:\/\/www.berriozar.es\/en-la-calle-canada-real-de-las-provincias-donde-el-icenter-y-el-bar-rokaberri-los-coches-van-con-mucha-velocidad-no-estaria-mal-que-se-pondrian-guardas-dormidos-para-disminuir-la-velocidad-y-el-paso\/#breadcrumb\"},\"inLanguage\":\"eu-ES\",\"potentialAction\":[{\"@type\":\"ReadAction\",\"target\":[\"https:\/\/www.berriozar.es\/en-la-calle-canada-real-de-las-provincias-donde-el-icenter-y-el-bar-rokaberri-los-coches-van-con-mucha-velocidad-no-estaria-mal-que-se-pondrian-guardas-dormidos-para-disminuir-la-velocidad-y-el-paso\/\"]}]},{\"@type\":\"BreadcrumbList\",\"@id\":\"https:\/\/www.berriozar.es\/en-la-calle-canada-real-de-las-provincias-donde-el-icenter-y-el-bar-rokaberri-los-coches-van-con-mucha-velocidad-no-estaria-mal-que-se-pondrian-guardas-dormidos-para-disminuir-la-velocidad-y-el-paso\/#breadcrumb\",\"itemListElement\":[{\"@type\":\"ListItem\",\"position\":1,\"name\":\"Portada\",\"item\":\"https:\/\/www.berriozar.es\/\"},{\"@type\":\"ListItem\",\"position\":2,\"name\":\"[:es]En la calle ca\u00f1ada real de las provincias donde el icenter y el Bar Rokaberri los coches van con mucha velocidad. No estar\u00eda mal que se pondr\u00edan guardas dormidos para disminuir la velocidad y el paso de cebra que hay para ir por debajo de la carretera hacia \u00e1rtica deber\u00eda estar mas se\u00f1alizado porque mas de uno ni cede ni seda de cuenta que esta el paso de peatones. Un saludo (28\/01\/14)\"}]},{\"@type\":\"WebSite\",\"@id\":\"https:\/\/www.berriozar.es\/#website\",\"url\":\"https:\/\/www.berriozar.es\/\",\"name\":\"Ayuntamiento de Berriozar \/ Berriozarko Udala\",\"description\":\"Ayuntamiento de Berriozar \/ Berriozarko Udala\",\"potentialAction\":[{\"@type\":\"SearchAction\",\"target\":{\"@type\":\"EntryPoint\",\"urlTemplate\":\"https:\/\/www.berriozar.es\/?s={search_term_string}\"},\"query-input\":\"required name=search_term_string\"}],\"inLanguage\":\"eu-ES\"},{\"@type\":\"Person\",\"@id\":\"https:\/\/www.berriozar.es\/#\/schema\/person\/873e251c799afa3ad2eed6828e04aef8\",\"name\":\"berriozar\",\"image\":{\"@type\":\"ImageObject\",\"inLanguage\":\"eu-ES\",\"@id\":\"https:\/\/www.berriozar.es\/#\/schema\/person\/image\/\",\"url\":\"https:\/\/secure.gravatar.com\/avatar\/bd724fa56290368b6672f66dab245e72?s=96&d=mm&r=g\",\"contentUrl\":\"https:\/\/secure.gravatar.com\/avatar\/bd724fa56290368b6672f66dab245e72?s=96&d=mm&r=g\",\"caption\":\"berriozar\"},\"url\":\"https:\/\/www.berriozar.es\/eu\/author\/berriozar\/\"}]}<\/script>\r\n<!-- \/ Yoast SEO plugin. -->","yoast_head_json":{"title":"[:es]En la calle ca\u00f1ada real de las provincias donde el icenter y el Bar Rokaberri los coches van con mucha velocidad. No estar\u00eda mal que se pondr\u00edan guardas dormidos para disminuir la velocidad y el paso de cebra que hay para ir por debajo de la carretera hacia \u00e1rtica deber\u00eda estar mas se\u00f1alizado porque mas de uno ni cede ni seda de cuenta que esta el paso de peatones. Un saludo (28\/01\/14) - Ayuntamiento de Berriozar \/ Berriozarko Udala","robots":{"index":"index","follow":"follow","max-snippet":"max-snippet:-1","max-image-preview":"max-image-preview:large","max-video-preview":"max-video-preview:-1"},"canonical":"https:\/\/www.berriozar.es\/en-la-calle-canada-real-de-las-provincias-donde-el-icenter-y-el-bar-rokaberri-los-coches-van-con-mucha-velocidad-no-estaria-mal-que-se-pondrian-guardas-dormidos-para-disminuir-la-velocidad-y-el-paso\/","og_locale":"eu_ES","og_type":"article","og_title":"[:es]En la calle ca\u00f1ada real de las provincias donde el icenter y el Bar Rokaberri los coches van con mucha velocidad. No estar\u00eda mal que se pondr\u00edan guardas dormidos para disminuir la velocidad y el paso de cebra que hay para ir por debajo de la carretera hacia \u00e1rtica deber\u00eda estar mas se\u00f1alizado porque mas de uno ni cede ni seda de cuenta que esta el paso de peatones. Un saludo (28\/01\/14) - Ayuntamiento de Berriozar \/ Berriozarko Udala","og_description":"Por el presente escrito te informamos de que la zona a la que haces menci\u00f3n no pertenece al t\u00e9rmino municipal de Berriozar sino al de Artika (Berrioplano). En la parte de la C\/ Ca\u00f1ada Real que corresponde a nuestro municipio, est\u00e1n las aceras urbanizadas y existen en la carretera resaltes para disminuir la velocidad de [&hellip;]","og_url":"https:\/\/www.berriozar.es\/en-la-calle-canada-real-de-las-provincias-donde-el-icenter-y-el-bar-rokaberri-los-coches-van-con-mucha-velocidad-no-estaria-mal-que-se-pondrian-guardas-dormidos-para-disminuir-la-velocidad-y-el-paso\/","og_site_name":"Ayuntamiento de Berriozar \/ Berriozarko Udala","article_published_time":"2014-02-03T08:40:48+00:00","article_modified_time":"2022-02-24T11:42:11+00:00","author":"berriozar","twitter_card":"summary_large_image","twitter_misc":{"Written by":"berriozar","Est. reading time":"1 minute"},"schema":{"@context":"https:\/\/schema.org","@graph":[{"@type":"WebPage","@id":"https:\/\/www.berriozar.es\/en-la-calle-canada-real-de-las-provincias-donde-el-icenter-y-el-bar-rokaberri-los-coches-van-con-mucha-velocidad-no-estaria-mal-que-se-pondrian-guardas-dormidos-para-disminuir-la-velocidad-y-el-paso\/","url":"https:\/\/www.berriozar.es\/en-la-calle-canada-real-de-las-provincias-donde-el-icenter-y-el-bar-rokaberri-los-coches-van-con-mucha-velocidad-no-estaria-mal-que-se-pondrian-guardas-dormidos-para-disminuir-la-velocidad-y-el-paso\/","name":"[:es]En la calle ca\u00f1ada real de las provincias donde el icenter y el Bar Rokaberri los coches van con mucha velocidad. No estar\u00eda mal que se pondr\u00edan guardas dormidos para disminuir la velocidad y el paso de cebra que hay para ir por debajo de la carretera hacia \u00e1rtica deber\u00eda estar mas se\u00f1alizado porque mas de uno ni cede ni seda de cuenta que esta el paso de peatones. Un saludo (28\/01\/14) - Ayuntamiento de Berriozar \/ Berriozarko Udala","isPartOf":{"@id":"https:\/\/www.berriozar.es\/#website"},"datePublished":"2014-02-03T08:40:48+00:00","dateModified":"2022-02-24T11:42:11+00:00","author":{"@id":"https:\/\/www.berriozar.es\/#\/schema\/person\/873e251c799afa3ad2eed6828e04aef8"},"breadcrumb":{"@id":"https:\/\/www.berriozar.es\/en-la-calle-canada-real-de-las-provincias-donde-el-icenter-y-el-bar-rokaberri-los-coches-van-con-mucha-velocidad-no-estaria-mal-que-se-pondrian-guardas-dormidos-para-disminuir-la-velocidad-y-el-paso\/#breadcrumb"},"inLanguage":"eu-ES","potentialAction":[{"@type":"ReadAction","target":["https:\/\/www.berriozar.es\/en-la-calle-canada-real-de-las-provincias-donde-el-icenter-y-el-bar-rokaberri-los-coches-van-con-mucha-velocidad-no-estaria-mal-que-se-pondrian-guardas-dormidos-para-disminuir-la-velocidad-y-el-paso\/"]}]},{"@type":"BreadcrumbList","@id":"https:\/\/www.berriozar.es\/en-la-calle-canada-real-de-las-provincias-donde-el-icenter-y-el-bar-rokaberri-los-coches-van-con-mucha-velocidad-no-estaria-mal-que-se-pondrian-guardas-dormidos-para-disminuir-la-velocidad-y-el-paso\/#breadcrumb","itemListElement":[{"@type":"ListItem","position":1,"name":"Portada","item":"https:\/\/www.berriozar.es\/"},{"@type":"ListItem","position":2,"name":"[:es]En la calle ca\u00f1ada real de las provincias donde el icenter y el Bar Rokaberri los coches van con mucha velocidad. No estar\u00eda mal que se pondr\u00edan guardas dormidos para disminuir la velocidad y el paso de cebra que hay para ir por debajo de la carretera hacia \u00e1rtica deber\u00eda estar mas se\u00f1alizado porque mas de uno ni cede ni seda de cuenta que esta el paso de peatones. Un saludo (28\/01\/14)"}]},{"@type":"WebSite","@id":"https:\/\/www.berriozar.es\/#website","url":"https:\/\/www.berriozar.es\/","name":"Ayuntamiento de Berriozar \/ Berriozarko Udala","description":"Ayuntamiento de Berriozar \/ Berriozarko Udala","potentialAction":[{"@type":"SearchAction","target":{"@type":"EntryPoint","urlTemplate":"https:\/\/www.berriozar.es\/?s={search_term_string}"},"query-input":"required name=search_term_string"}],"inLanguage":"eu-ES"},{"@type":"Person","@id":"https:\/\/www.berriozar.es\/#\/schema\/person\/873e251c799afa3ad2eed6828e04aef8","name":"berriozar","image":{"@type":"ImageObject","inLanguage":"eu-ES","@id":"https:\/\/www.berriozar.es\/#\/schema\/person\/image\/","url":"https:\/\/secure.gravatar.com\/avatar\/bd724fa56290368b6672f66dab245e72?s=96&d=mm&r=g","contentUrl":"https:\/\/secure.gravatar.com\/avatar\/bd724fa56290368b6672f66dab245e72?s=96&d=mm&r=g","caption":"berriozar"},"url":"https:\/\/www.berriozar.es\/eu\/author\/berriozar\/"}]}},"_links":{"self":[{"href":"https:\/\/www.berriozar.es\/eu\/wp-json\/wp\/v2\/posts\/30297"}],"collection":[{"href":"https:\/\/www.berriozar.es\/eu\/wp-json\/wp\/v2\/posts"}],"about":[{"href":"https:\/\/www.berriozar.es\/eu\/wp-json\/wp\/v2\/types\/post"}],"author":[{"embeddable":true,"href":"https:\/\/www.berriozar.es\/eu\/wp-json\/wp\/v2\/users\/36"}],"replies":[{"embeddable":true,"href":"https:\/\/www.berriozar.es\/eu\/wp-json\/wp\/v2\/comments?post=30297"}],"version-history":[{"count":1,"href":"https:\/\/www.berriozar.es\/eu\/wp-json\/wp\/v2\/posts\/30297\/revisions"}],"predecessor-version":[{"id":32862,"href":"https:\/\/www.berriozar.es\/eu\/wp-json\/wp\/v2\/posts\/30297\/revisions\/32862"}],"wp:attachment":[{"href":"https:\/\/www.berriozar.es\/eu\/wp-json\/wp\/v2\/media?parent=30297"}],"wp:term":[{"taxonomy":"category","embeddable":true,"href":"https:\/\/www.berriozar.es\/eu\/wp-json\/wp\/v2\/categories?post=30297"},{"taxonomy":"post_tag","embeddable":true,"href":"https:\/\/www.berriozar.es\/eu\/wp-json\/wp\/v2\/tags?post=30297"}],"curies":[{"name":"wp","href":"https:\/\/api.w.org\/{rel}","templated":true}]}}