{"id":30623,"date":"2015-02-09T12:01:21","date_gmt":"2015-02-09T11:01:21","guid":{"rendered":"http:\/\/www.berriozar.es\/buenas-tardes-mi-sugerencia-pregunta-es-la-siguiente-el-acceso-peatonal-desde-el-aparcamiento-de-las-caravanas-a-la-entrada-del-edificio-de-los-coles-es-bastante-estrecho-cuando-venian-en-autobus\/"},"modified":"2022-02-24T12:42:01","modified_gmt":"2022-02-24T11:42:01","slug":"buenas-tardes-mi-sugerencia-pregunta-es-la-siguiente-el-acceso-peatonal-desde-el-aparcamiento-de-las-caravanas-a-la-entrada-del-edificio-de-los-coles-es-bastante-estrecho-cuando-venian-en-autobus","status":"publish","type":"post","link":"https:\/\/www.berriozar.es\/eu\/buenas-tardes-mi-sugerencia-pregunta-es-la-siguiente-el-acceso-peatonal-desde-el-aparcamiento-de-las-caravanas-a-la-entrada-del-edificio-de-los-coles-es-bastante-estrecho-cuando-venian-en-autobus\/","title":{"rendered":"Buenas tardes: Mi sugerencia\/pregunta es la siguiente: El acceso peatonal desde el aparcamiento de las caravanas a la entrada del edificio de los coles , es bastante estrecho, cuando ven\u00edan en autob\u00fas era suficiente(supongo) pero ahora m\u00e1s de la mitad accedemos por el a la puerta del patio para dejar a los cr\u00edos. Se tiene pensado ampliar la anchura?? ( la falta de hierva de un lateral marca la necesidad). Cada d\u00eda nos cruzamos un monton de personas y cuando no est\u00e1 mojado, no hay mayor problema, este llega cuando llueve y hay barro. No cabemos.  Gracias. (gaztelaniaz) (15\/01\/29)"},"content":{"rendered":"<p>Buenos d\u00edas \/ Egun on.<br \/>\nTe informo que a lo largo de este curso escolar desde el Ayuntamiento de Berriozar hemos estado implantando en el Colegio Mendialdea el Plan de Evacuaci\u00f3n en caso de emergencia por el cual hemos habilitado nuevas salidas adecuadas a la normativa vigente.<br \/>\nActualmente estamos trabajando en el Protocolo de normas a seguir en caso de emergencia.<br \/>\nConcretamente en el caso al que te refieres tenemos previsto actuar en la entrada a la zona de infantil del colegio, haciendo la entrada m\u00e1s ancha y m\u00e1s accesible con lo que conseguir\u00edamos tambi\u00e9n que la entrada de ni\u00f1os\/as fuera m\u00e1s fluida. Por lo tanto no aumentaremos la anchura en el lugar al que te refieres sino que actuaremos en el lugar anteriormente mencionado.<\/p>\n<p>Quer\u00eda agradecerte tu colaboraci\u00f3n con el Ayuntamiento. Un saludo.<br \/>\nEskerrik asko gure herria hobetzeko egindako ekarpenarengatik. Agur bero bat.<br \/>\nRaul Maiza.<\/p>\n<p>Concejal de Urbanismo y Medio Ambiente.<br \/>\nHirigintza eta Ingurumen zinegotzia.<\/p>\n","protected":false},"excerpt":{"rendered":"<p>Buenos d\u00edas \/ Egun on. Te informo que a lo largo de este curso escolar desde el Ayuntamiento de Berriozar hemos estado implantando en el Colegio Mendialdea el Plan de Evacuaci\u00f3n en caso de emergencia por el cual hemos habilitado nuevas salidas adecuadas a la normativa vigente. Actualmente estamos trabajando en el Protocolo de normas [&hellip;]<\/p>\n","protected":false},"author":36,"featured_media":0,"comment_status":"closed","ping_status":"closed","sticky":false,"template":"","format":"standard","meta":{"_exactmetrics_skip_tracking":false,"_exactmetrics_sitenote_active":false,"_exactmetrics_sitenote_note":"","_exactmetrics_sitenote_category":0,"footnotes":""},"categories":[188],"tags":[],"yoast_head":"<!-- This site is optimized with the Yoast SEO plugin v22.8 - https:\/\/yoast.com\/wordpress\/plugins\/seo\/ -->\r\n<title>Buenas tardes: Mi sugerencia\/pregunta es la siguiente: El acceso peatonal desde el aparcamiento de las caravanas a la entrada del edificio de los coles , es bastante estrecho, cuando ven\u00edan en autob\u00fas era suficiente(supongo) pero ahora m\u00e1s de la mitad accedemos por el a la puerta del patio para dejar a los cr\u00edos. Se tiene pensado ampliar la anchura?? ( la falta de hierva de un lateral marca la necesidad). Cada d\u00eda nos cruzamos un monton de personas y cuando no est\u00e1 mojado, no hay mayor problema, este llega cuando llueve y hay barro. No cabemos. Gracias. (gaztelaniaz) (15\/01\/29) - Ayuntamiento de Berriozar \/ Berriozarko Udala<\/title>\r\n<meta name=\"robots\" content=\"index, follow, max-snippet:-1, max-image-preview:large, max-video-preview:-1\" \/>\r\n<link rel=\"canonical\" href=\"https:\/\/www.berriozar.es\/buenas-tardes-mi-sugerenciapregunta-es-la-siguiente-el-acceso-peatonal-desde-el-aparcamiento-de-las-carabanas-a-la-entrada-del-edificio-de-los-coles-es-bastante-estrecho-cuando-venian-en-autobus\/\" \/>\r\n<meta property=\"og:locale\" content=\"eu_ES\" \/>\r\n<meta property=\"og:type\" content=\"article\" \/>\r\n<meta property=\"og:title\" content=\"Buenas tardes: Mi sugerencia\/pregunta es la siguiente: El acceso peatonal desde el aparcamiento de las caravanas a la entrada del edificio de los coles , es bastante estrecho, cuando ven\u00edan en autob\u00fas era suficiente(supongo) pero ahora m\u00e1s de la mitad accedemos por el a la puerta del patio para dejar a los cr\u00edos. Se tiene pensado ampliar la anchura?? ( la falta de hierva de un lateral marca la necesidad). Cada d\u00eda nos cruzamos un monton de personas y cuando no est\u00e1 mojado, no hay mayor problema, este llega cuando llueve y hay barro. No cabemos. Gracias. (gaztelaniaz) (15\/01\/29) - Ayuntamiento de Berriozar \/ Berriozarko Udala\" \/>\r\n<meta property=\"og:description\" content=\"Buenos d\u00edas \/ Egun on. Te informo que a lo largo de este curso escolar desde el Ayuntamiento de Berriozar hemos estado implantando en el Colegio Mendialdea el Plan de Evacuaci\u00f3n en caso de emergencia por el cual hemos habilitado nuevas salidas adecuadas a la normativa vigente. Actualmente estamos trabajando en el Protocolo de normas [&hellip;]\" \/>\r\n<meta property=\"og:url\" content=\"https:\/\/www.berriozar.es\/buenas-tardes-mi-sugerenciapregunta-es-la-siguiente-el-acceso-peatonal-desde-el-aparcamiento-de-las-carabanas-a-la-entrada-del-edificio-de-los-coles-es-bastante-estrecho-cuando-venian-en-autobus\/\" \/>\r\n<meta property=\"og:site_name\" content=\"Ayuntamiento de Berriozar \/ Berriozarko Udala\" \/>\r\n<meta property=\"article:published_time\" content=\"2015-02-09T11:01:21+00:00\" \/>\r\n<meta property=\"article:modified_time\" content=\"2022-02-24T11:42:01+00:00\" \/>\r\n<meta name=\"author\" content=\"berriozar\" \/>\r\n<meta name=\"twitter:card\" content=\"summary_large_image\" \/>\r\n<meta name=\"twitter:label1\" content=\"Written by\" \/>\n\t<meta name=\"twitter:data1\" content=\"berriozar\" \/>\n\t<meta name=\"twitter:label2\" content=\"Est. reading time\" \/>\n\t<meta name=\"twitter:data2\" content=\"1 minute\" \/>\r\n<script type=\"application\/ld+json\" class=\"yoast-schema-graph\">{\"@context\":\"https:\/\/schema.org\",\"@graph\":[{\"@type\":\"WebPage\",\"@id\":\"https:\/\/www.berriozar.es\/buenas-tardes-mi-sugerenciapregunta-es-la-siguiente-el-acceso-peatonal-desde-el-aparcamiento-de-las-carabanas-a-la-entrada-del-edificio-de-los-coles-es-bastante-estrecho-cuando-venian-en-autobus\/\",\"url\":\"https:\/\/www.berriozar.es\/buenas-tardes-mi-sugerenciapregunta-es-la-siguiente-el-acceso-peatonal-desde-el-aparcamiento-de-las-carabanas-a-la-entrada-del-edificio-de-los-coles-es-bastante-estrecho-cuando-venian-en-autobus\/\",\"name\":\"Buenas tardes: Mi sugerencia\/pregunta es la siguiente: El acceso peatonal desde el aparcamiento de las caravanas a la entrada del edificio de los coles , es bastante estrecho, cuando ven\u00edan en autob\u00fas era suficiente(supongo) pero ahora m\u00e1s de la mitad accedemos por el a la puerta del patio para dejar a los cr\u00edos. Se tiene pensado ampliar la anchura?? ( la falta de hierva de un lateral marca la necesidad). Cada d\u00eda nos cruzamos un monton de personas y cuando no est\u00e1 mojado, no hay mayor problema, este llega cuando llueve y hay barro. No cabemos. Gracias. (gaztelaniaz) (15\/01\/29) - Ayuntamiento de Berriozar \/ Berriozarko Udala\",\"isPartOf\":{\"@id\":\"https:\/\/www.berriozar.es\/#website\"},\"datePublished\":\"2015-02-09T11:01:21+00:00\",\"dateModified\":\"2022-02-24T11:42:01+00:00\",\"author\":{\"@id\":\"https:\/\/www.berriozar.es\/#\/schema\/person\/873e251c799afa3ad2eed6828e04aef8\"},\"breadcrumb\":{\"@id\":\"https:\/\/www.berriozar.es\/buenas-tardes-mi-sugerenciapregunta-es-la-siguiente-el-acceso-peatonal-desde-el-aparcamiento-de-las-carabanas-a-la-entrada-del-edificio-de-los-coles-es-bastante-estrecho-cuando-venian-en-autobus\/#breadcrumb\"},\"inLanguage\":\"eu-ES\",\"potentialAction\":[{\"@type\":\"ReadAction\",\"target\":[\"https:\/\/www.berriozar.es\/buenas-tardes-mi-sugerenciapregunta-es-la-siguiente-el-acceso-peatonal-desde-el-aparcamiento-de-las-carabanas-a-la-entrada-del-edificio-de-los-coles-es-bastante-estrecho-cuando-venian-en-autobus\/\"]}]},{\"@type\":\"BreadcrumbList\",\"@id\":\"https:\/\/www.berriozar.es\/buenas-tardes-mi-sugerenciapregunta-es-la-siguiente-el-acceso-peatonal-desde-el-aparcamiento-de-las-carabanas-a-la-entrada-del-edificio-de-los-coles-es-bastante-estrecho-cuando-venian-en-autobus\/#breadcrumb\",\"itemListElement\":[{\"@type\":\"ListItem\",\"position\":1,\"name\":\"Portada\",\"item\":\"https:\/\/www.berriozar.es\/\"},{\"@type\":\"ListItem\",\"position\":2,\"name\":\"Buenas tardes: Mi sugerencia\/pregunta es la siguiente: El acceso peatonal desde el aparcamiento de las caravanas a la entrada del edificio de los coles , es bastante estrecho, cuando ven\u00edan en autob\u00fas era suficiente(supongo) pero ahora m\u00e1s de la mitad accedemos por el a la puerta del patio para dejar a los cr\u00edos. Se tiene pensado ampliar la anchura?? ( la falta de hierva de un lateral marca la necesidad). Cada d\u00eda nos cruzamos un monton de personas y cuando no est\u00e1 mojado, no hay mayor problema, este llega cuando llueve y hay barro. No cabemos. Gracias. (gaztelaniaz) (15\/01\/29)\"}]},{\"@type\":\"WebSite\",\"@id\":\"https:\/\/www.berriozar.es\/#website\",\"url\":\"https:\/\/www.berriozar.es\/\",\"name\":\"Ayuntamiento de Berriozar \/ Berriozarko Udala\",\"description\":\"Ayuntamiento de Berriozar \/ Berriozarko Udala\",\"potentialAction\":[{\"@type\":\"SearchAction\",\"target\":{\"@type\":\"EntryPoint\",\"urlTemplate\":\"https:\/\/www.berriozar.es\/?s={search_term_string}\"},\"query-input\":\"required name=search_term_string\"}],\"inLanguage\":\"eu-ES\"},{\"@type\":\"Person\",\"@id\":\"https:\/\/www.berriozar.es\/#\/schema\/person\/873e251c799afa3ad2eed6828e04aef8\",\"name\":\"berriozar\",\"image\":{\"@type\":\"ImageObject\",\"inLanguage\":\"eu-ES\",\"@id\":\"https:\/\/www.berriozar.es\/#\/schema\/person\/image\/\",\"url\":\"https:\/\/secure.gravatar.com\/avatar\/bd724fa56290368b6672f66dab245e72?s=96&d=mm&r=g\",\"contentUrl\":\"https:\/\/secure.gravatar.com\/avatar\/bd724fa56290368b6672f66dab245e72?s=96&d=mm&r=g\",\"caption\":\"berriozar\"},\"url\":\"https:\/\/www.berriozar.es\/eu\/author\/berriozar\/\"}]}<\/script>\r\n<!-- \/ Yoast SEO plugin. -->","yoast_head_json":{"title":"Buenas tardes: Mi sugerencia\/pregunta es la siguiente: El acceso peatonal desde el aparcamiento de las caravanas a la entrada del edificio de los coles , es bastante estrecho, cuando ven\u00edan en autob\u00fas era suficiente(supongo) pero ahora m\u00e1s de la mitad accedemos por el a la puerta del patio para dejar a los cr\u00edos. Se tiene pensado ampliar la anchura?? ( la falta de hierva de un lateral marca la necesidad). Cada d\u00eda nos cruzamos un monton de personas y cuando no est\u00e1 mojado, no hay mayor problema, este llega cuando llueve y hay barro. No cabemos. Gracias. (gaztelaniaz) (15\/01\/29) - Ayuntamiento de Berriozar \/ Berriozarko Udala","robots":{"index":"index","follow":"follow","max-snippet":"max-snippet:-1","max-image-preview":"max-image-preview:large","max-video-preview":"max-video-preview:-1"},"canonical":"https:\/\/www.berriozar.es\/buenas-tardes-mi-sugerenciapregunta-es-la-siguiente-el-acceso-peatonal-desde-el-aparcamiento-de-las-carabanas-a-la-entrada-del-edificio-de-los-coles-es-bastante-estrecho-cuando-venian-en-autobus\/","og_locale":"eu_ES","og_type":"article","og_title":"Buenas tardes: Mi sugerencia\/pregunta es la siguiente: El acceso peatonal desde el aparcamiento de las caravanas a la entrada del edificio de los coles , es bastante estrecho, cuando ven\u00edan en autob\u00fas era suficiente(supongo) pero ahora m\u00e1s de la mitad accedemos por el a la puerta del patio para dejar a los cr\u00edos. Se tiene pensado ampliar la anchura?? ( la falta de hierva de un lateral marca la necesidad). Cada d\u00eda nos cruzamos un monton de personas y cuando no est\u00e1 mojado, no hay mayor problema, este llega cuando llueve y hay barro. No cabemos. Gracias. (gaztelaniaz) (15\/01\/29) - Ayuntamiento de Berriozar \/ Berriozarko Udala","og_description":"Buenos d\u00edas \/ Egun on. Te informo que a lo largo de este curso escolar desde el Ayuntamiento de Berriozar hemos estado implantando en el Colegio Mendialdea el Plan de Evacuaci\u00f3n en caso de emergencia por el cual hemos habilitado nuevas salidas adecuadas a la normativa vigente. Actualmente estamos trabajando en el Protocolo de normas [&hellip;]","og_url":"https:\/\/www.berriozar.es\/buenas-tardes-mi-sugerenciapregunta-es-la-siguiente-el-acceso-peatonal-desde-el-aparcamiento-de-las-carabanas-a-la-entrada-del-edificio-de-los-coles-es-bastante-estrecho-cuando-venian-en-autobus\/","og_site_name":"Ayuntamiento de Berriozar \/ Berriozarko Udala","article_published_time":"2015-02-09T11:01:21+00:00","article_modified_time":"2022-02-24T11:42:01+00:00","author":"berriozar","twitter_card":"summary_large_image","twitter_misc":{"Written by":"berriozar","Est. reading time":"1 minute"},"schema":{"@context":"https:\/\/schema.org","@graph":[{"@type":"WebPage","@id":"https:\/\/www.berriozar.es\/buenas-tardes-mi-sugerenciapregunta-es-la-siguiente-el-acceso-peatonal-desde-el-aparcamiento-de-las-carabanas-a-la-entrada-del-edificio-de-los-coles-es-bastante-estrecho-cuando-venian-en-autobus\/","url":"https:\/\/www.berriozar.es\/buenas-tardes-mi-sugerenciapregunta-es-la-siguiente-el-acceso-peatonal-desde-el-aparcamiento-de-las-carabanas-a-la-entrada-del-edificio-de-los-coles-es-bastante-estrecho-cuando-venian-en-autobus\/","name":"Buenas tardes: Mi sugerencia\/pregunta es la siguiente: El acceso peatonal desde el aparcamiento de las caravanas a la entrada del edificio de los coles , es bastante estrecho, cuando ven\u00edan en autob\u00fas era suficiente(supongo) pero ahora m\u00e1s de la mitad accedemos por el a la puerta del patio para dejar a los cr\u00edos. Se tiene pensado ampliar la anchura?? ( la falta de hierva de un lateral marca la necesidad). Cada d\u00eda nos cruzamos un monton de personas y cuando no est\u00e1 mojado, no hay mayor problema, este llega cuando llueve y hay barro. No cabemos. Gracias. (gaztelaniaz) (15\/01\/29) - Ayuntamiento de Berriozar \/ Berriozarko Udala","isPartOf":{"@id":"https:\/\/www.berriozar.es\/#website"},"datePublished":"2015-02-09T11:01:21+00:00","dateModified":"2022-02-24T11:42:01+00:00","author":{"@id":"https:\/\/www.berriozar.es\/#\/schema\/person\/873e251c799afa3ad2eed6828e04aef8"},"breadcrumb":{"@id":"https:\/\/www.berriozar.es\/buenas-tardes-mi-sugerenciapregunta-es-la-siguiente-el-acceso-peatonal-desde-el-aparcamiento-de-las-carabanas-a-la-entrada-del-edificio-de-los-coles-es-bastante-estrecho-cuando-venian-en-autobus\/#breadcrumb"},"inLanguage":"eu-ES","potentialAction":[{"@type":"ReadAction","target":["https:\/\/www.berriozar.es\/buenas-tardes-mi-sugerenciapregunta-es-la-siguiente-el-acceso-peatonal-desde-el-aparcamiento-de-las-carabanas-a-la-entrada-del-edificio-de-los-coles-es-bastante-estrecho-cuando-venian-en-autobus\/"]}]},{"@type":"BreadcrumbList","@id":"https:\/\/www.berriozar.es\/buenas-tardes-mi-sugerenciapregunta-es-la-siguiente-el-acceso-peatonal-desde-el-aparcamiento-de-las-carabanas-a-la-entrada-del-edificio-de-los-coles-es-bastante-estrecho-cuando-venian-en-autobus\/#breadcrumb","itemListElement":[{"@type":"ListItem","position":1,"name":"Portada","item":"https:\/\/www.berriozar.es\/"},{"@type":"ListItem","position":2,"name":"Buenas tardes: Mi sugerencia\/pregunta es la siguiente: El acceso peatonal desde el aparcamiento de las caravanas a la entrada del edificio de los coles , es bastante estrecho, cuando ven\u00edan en autob\u00fas era suficiente(supongo) pero ahora m\u00e1s de la mitad accedemos por el a la puerta del patio para dejar a los cr\u00edos. Se tiene pensado ampliar la anchura?? ( la falta de hierva de un lateral marca la necesidad). Cada d\u00eda nos cruzamos un monton de personas y cuando no est\u00e1 mojado, no hay mayor problema, este llega cuando llueve y hay barro. No cabemos. Gracias. (gaztelaniaz) (15\/01\/29)"}]},{"@type":"WebSite","@id":"https:\/\/www.berriozar.es\/#website","url":"https:\/\/www.berriozar.es\/","name":"Ayuntamiento de Berriozar \/ Berriozarko Udala","description":"Ayuntamiento de Berriozar \/ Berriozarko Udala","potentialAction":[{"@type":"SearchAction","target":{"@type":"EntryPoint","urlTemplate":"https:\/\/www.berriozar.es\/?s={search_term_string}"},"query-input":"required name=search_term_string"}],"inLanguage":"eu-ES"},{"@type":"Person","@id":"https:\/\/www.berriozar.es\/#\/schema\/person\/873e251c799afa3ad2eed6828e04aef8","name":"berriozar","image":{"@type":"ImageObject","inLanguage":"eu-ES","@id":"https:\/\/www.berriozar.es\/#\/schema\/person\/image\/","url":"https:\/\/secure.gravatar.com\/avatar\/bd724fa56290368b6672f66dab245e72?s=96&d=mm&r=g","contentUrl":"https:\/\/secure.gravatar.com\/avatar\/bd724fa56290368b6672f66dab245e72?s=96&d=mm&r=g","caption":"berriozar"},"url":"https:\/\/www.berriozar.es\/eu\/author\/berriozar\/"}]}},"_links":{"self":[{"href":"https:\/\/www.berriozar.es\/eu\/wp-json\/wp\/v2\/posts\/30623"}],"collection":[{"href":"https:\/\/www.berriozar.es\/eu\/wp-json\/wp\/v2\/posts"}],"about":[{"href":"https:\/\/www.berriozar.es\/eu\/wp-json\/wp\/v2\/types\/post"}],"author":[{"embeddable":true,"href":"https:\/\/www.berriozar.es\/eu\/wp-json\/wp\/v2\/users\/36"}],"replies":[{"embeddable":true,"href":"https:\/\/www.berriozar.es\/eu\/wp-json\/wp\/v2\/comments?post=30623"}],"version-history":[{"count":1,"href":"https:\/\/www.berriozar.es\/eu\/wp-json\/wp\/v2\/posts\/30623\/revisions"}],"predecessor-version":[{"id":32818,"href":"https:\/\/www.berriozar.es\/eu\/wp-json\/wp\/v2\/posts\/30623\/revisions\/32818"}],"wp:attachment":[{"href":"https:\/\/www.berriozar.es\/eu\/wp-json\/wp\/v2\/media?parent=30623"}],"wp:term":[{"taxonomy":"category","embeddable":true,"href":"https:\/\/www.berriozar.es\/eu\/wp-json\/wp\/v2\/categories?post=30623"},{"taxonomy":"post_tag","embeddable":true,"href":"https:\/\/www.berriozar.es\/eu\/wp-json\/wp\/v2\/tags?post=30623"}],"curies":[{"name":"wp","href":"https:\/\/api.w.org\/{rel}","templated":true}]}}