{"id":30809,"date":"2015-07-03T12:44:25","date_gmt":"2015-07-03T10:44:25","guid":{"rendered":"http:\/\/www.berriozar.es\/hola-que-tal-quisiera-hacer-una-pregunta-que-hemos-hecho-los-vecinos-de-artiberri-para-pagar-tanta-contribucion-me-imagino-que-nada-pero-no-me-parece-ni-medio-normal-a-veces-me-pregunto-si\/"},"modified":"2022-02-24T12:41:58","modified_gmt":"2022-02-24T11:41:58","slug":"hola-que-tal-quisiera-hacer-una-pregunta-que-hemos-hecho-los-vecinos-de-artiberri-para-pagar-tanta-contribucion-me-imagino-que-nada-pero-no-me-parece-ni-medio-normal-a-veces-me-pregunto-si","status":"publish","type":"post","link":"https:\/\/www.berriozar.es\/eu\/hola-que-tal-quisiera-hacer-una-pregunta-que-hemos-hecho-los-vecinos-de-artiberri-para-pagar-tanta-contribucion-me-imagino-que-nada-pero-no-me-parece-ni-medio-normal-a-veces-me-pregunto-si\/","title":{"rendered":"Hola qu\u00e9 tal, quisiera hacer una pregunta, \u00bfqu\u00e9 hemos hecho los vecinos de artiberri para pagar tanta contribuci\u00f3n? me imagino que nada, pero no me parece ni medio normal, a veces me pregunto si vivo en Gorraiz o en una urbanizaci\u00f3n. Se que me dir\u00e9is c\u00f3mo se calcula, cu\u00e1nto vale el metro cuadrado, por no se que, por no se cuanto,algo que nunca entender\u00e9 (tantos n\u00fameros) pero hay que recordar que esto es Berriozar, un pueblo obrero que vive d\u00eda a d\u00eda, por eso no me parece justo que paguemos m\u00e1s de 160\u20ac cada seis meses, \u00bfno os parece exagerado?, seguramente no,  pero en otras zonas de Berriozar se paga la mitad. Vivimos en una zona que est\u00e1 sin terminar sin apenas zonas de ocio ni comercio,y una as\u00ed pagamos barbaridades. Espero que reconsider\u00e9is este tema, que para la gente joven que vive en esta zona, est\u00e1 con hipotecas muy grandes, y con el agua hasta el cuello. un saludo (22\/06\/2015) (gaztelaniaz) (22\/06\/15)"},"content":{"rendered":"<p>Estimado vecino.<br \/>\nLa contribuci\u00f3n o IBI es el principal impuesto municipal que existe. Su recaudaci\u00f3n permite que los Ayuntamientos tengan financiaci\u00f3n para poder dar servicios a la ciudadan\u00eda: limpieza, actos culturales, cursos deportivos, obras de mantenimiento y mejora&#8230; Coincido con Ud. en que la distribuci\u00f3n de los impuestos es bastante desigual; as\u00ed, impuestos de gran recaudaci\u00f3n como el IRPF van al Gobierno de Navarra, el IVA al del Estado, etc. A los Ayuntamientos les llega v\u00eda impuestos menos dinero del que necesitan en general para poder mantenerse y, adem\u00e1s, no son ellos los que deciden enteramente la cantidad a gravar en los impuestos que cobran.<\/p>\n<p>Como bien dice en su pregunta, el impuesto de la contribuci\u00f3n se calcula mediante una complicada f\u00f3rmula cuyo resultado var\u00eda en funci\u00f3n de los m2 del inmueble, su ubicaci\u00f3n, su antig\u00fcedad, etc. Es lo que se denomina \u201cvalor catastral\u201d de un inmueble. Ese \u201cvalor catastral\u201d de la vivienda constituye la base del impuesto y no lo calculan los ayuntamientos; lo hace el Departamento de Vivienda del Gobierno de Navarra por medio de la empresa p\u00fablica Tracasa. La ley obliga a que la valoraci\u00f3n de las viviendas se vuelva a calcular cada cinco a\u00f1os; lo que ocurre es que hay ayuntamientos (como Pamplona) que llevan muchos a\u00f1os sin renovar la ponencia de \u201cvaloraci\u00f3n catastral\u201d y por ello tienen la contribuci\u00f3n sin actualizar. Nos consta que est\u00e1n realizando ya una nueva ponencia de valoraci\u00f3n y empezar\u00e1n a aplicar pronto los nuevos valores. En Berriozar, aunque est\u00e1 actualizada, tambi\u00e9n tenemos intenci\u00f3n de solicitar que la renueven a la mayor brevedad, ya que eso adecuar\u00eda la valoraci\u00f3n a la situaci\u00f3n actual.<\/p>\n<p>La segunda parte del impuesto es la que efectivamente aplica el Ayuntamiento a la base calculada. Esto es lo que aprobamos todos los a\u00f1os siempre con el mismo criterio: el IPC interanual del mes de octubre. El a\u00f1o pasado ese IPC fue igual a cero, por lo que no ha habido subida respecto a 2014. Es importante conocer que este Ayuntamiento no sube la contribuci\u00f3n m\u00e1s all\u00e1 del IPC anual, lo que no supone una subida real, la mayor o menor carest\u00eda del impuesto se debe a la mayor o menor valoraci\u00f3n del precio del inmueble.<\/p>\n<p>Siento la incomodidad que supone pagar el impuesto pero es necesario y fundamental para que puedan existir servicios p\u00fablicos. Tiene raz\u00f3n en que el pago ha de ser justo y equitativo pero, aunque quiz\u00e1 no lo parezca, la contribuci\u00f3n lo es -incluso en mayor grado que el IRPF-; y la repercusi\u00f3n en beneficio de la comunidad a la que se aplica es mucho m\u00e1s inmediata que cualquier otro impuesto.<\/p>\n<p>Esto es todo lo que puedo explicarle por el momento. Si desea m\u00e1s informaci\u00f3n estoy a su disposici\u00f3n.<\/p>\n<p>Gracias por su inter\u00e9s y un cordial saludo. Milesker eta agur bero bat,<\/p>\n<p>M\u00aa Carmen Nadales<br \/>\nOgasun eta langileen zinegotzia<\/p>\n","protected":false},"excerpt":{"rendered":"<p>Estimado vecino. La contribuci\u00f3n o IBI es el principal impuesto municipal que existe. Su recaudaci\u00f3n permite que los Ayuntamientos tengan financiaci\u00f3n para poder dar servicios a la ciudadan\u00eda: limpieza, actos culturales, cursos deportivos, obras de mantenimiento y mejora&#8230; Coincido con Ud. en que la distribuci\u00f3n de los impuestos es bastante desigual; as\u00ed, impuestos de gran [&hellip;]<\/p>\n","protected":false},"author":36,"featured_media":0,"comment_status":"closed","ping_status":"closed","sticky":false,"template":"","format":"standard","meta":{"_exactmetrics_skip_tracking":false,"_exactmetrics_sitenote_active":false,"_exactmetrics_sitenote_note":"","_exactmetrics_sitenote_category":0,"footnotes":""},"categories":[188],"tags":[],"yoast_head":"<!-- This site is optimized with the Yoast SEO plugin v22.8 - https:\/\/yoast.com\/wordpress\/plugins\/seo\/ -->\r\n<title>Hola qu\u00e9 tal, quisiera hacer una pregunta, \u00bfqu\u00e9 hemos hecho los vecinos de artiberri para pagar tanta contribuci\u00f3n? me imagino que nada, pero no me parece ni medio normal, a veces me pregunto si vivo en Gorraiz o en una urbanizaci\u00f3n. Se que me dir\u00e9is c\u00f3mo se calcula, cu\u00e1nto vale el metro cuadrado, por no se que, por no se cuanto,algo que nunca entender\u00e9 (tantos n\u00fameros) pero hay que recordar que esto es Berriozar, un pueblo obrero que vive d\u00eda a d\u00eda, por eso no me parece justo que paguemos m\u00e1s de 160\u20ac cada seis meses, \u00bfno os parece exagerado?, seguramente no, pero en otras zonas de Berriozar se paga la mitad. Vivimos en una zona que est\u00e1 sin terminar sin apenas zonas de ocio ni comercio,y una as\u00ed pagamos barbaridades. Espero que reconsider\u00e9is este tema, que para la gente joven que vive en esta zona, est\u00e1 con hipotecas muy grandes, y con el agua hasta el cuello. un saludo (22\/06\/2015) (gaztelaniaz) (22\/06\/15) - Ayuntamiento de Berriozar \/ Berriozarko Udala<\/title>\r\n<meta name=\"robots\" content=\"index, follow, max-snippet:-1, max-image-preview:large, max-video-preview:-1\" \/>\r\n<link rel=\"canonical\" href=\"https:\/\/www.berriozar.es\/hola-que-tal-quisiera-hacer-una-pregunta-que-hemos-hecho-los-vecinos-de-artiberri-para-pagar-tanta-contribucion-me-imagino-que-nada-pero-no-me-parece-ni-medio-normal-a-veces-me-pregunto-si\/\" \/>\r\n<meta property=\"og:locale\" content=\"eu_ES\" \/>\r\n<meta property=\"og:type\" content=\"article\" \/>\r\n<meta property=\"og:title\" content=\"Hola qu\u00e9 tal, quisiera hacer una pregunta, \u00bfqu\u00e9 hemos hecho los vecinos de artiberri para pagar tanta contribuci\u00f3n? me imagino que nada, pero no me parece ni medio normal, a veces me pregunto si vivo en Gorraiz o en una urbanizaci\u00f3n. Se que me dir\u00e9is c\u00f3mo se calcula, cu\u00e1nto vale el metro cuadrado, por no se que, por no se cuanto,algo que nunca entender\u00e9 (tantos n\u00fameros) pero hay que recordar que esto es Berriozar, un pueblo obrero que vive d\u00eda a d\u00eda, por eso no me parece justo que paguemos m\u00e1s de 160\u20ac cada seis meses, \u00bfno os parece exagerado?, seguramente no, pero en otras zonas de Berriozar se paga la mitad. Vivimos en una zona que est\u00e1 sin terminar sin apenas zonas de ocio ni comercio,y una as\u00ed pagamos barbaridades. Espero que reconsider\u00e9is este tema, que para la gente joven que vive en esta zona, est\u00e1 con hipotecas muy grandes, y con el agua hasta el cuello. un saludo (22\/06\/2015) (gaztelaniaz) (22\/06\/15) - Ayuntamiento de Berriozar \/ Berriozarko Udala\" \/>\r\n<meta property=\"og:description\" content=\"Estimado vecino. La contribuci\u00f3n o IBI es el principal impuesto municipal que existe. Su recaudaci\u00f3n permite que los Ayuntamientos tengan financiaci\u00f3n para poder dar servicios a la ciudadan\u00eda: limpieza, actos culturales, cursos deportivos, obras de mantenimiento y mejora&#8230; Coincido con Ud. en que la distribuci\u00f3n de los impuestos es bastante desigual; as\u00ed, impuestos de gran [&hellip;]\" \/>\r\n<meta property=\"og:url\" content=\"https:\/\/www.berriozar.es\/hola-que-tal-quisiera-hacer-una-pregunta-que-hemos-hecho-los-vecinos-de-artiberri-para-pagar-tanta-contribucion-me-imagino-que-nada-pero-no-me-parece-ni-medio-normal-a-veces-me-pregunto-si\/\" \/>\r\n<meta property=\"og:site_name\" content=\"Ayuntamiento de Berriozar \/ Berriozarko Udala\" \/>\r\n<meta property=\"article:published_time\" content=\"2015-07-03T10:44:25+00:00\" \/>\r\n<meta property=\"article:modified_time\" content=\"2022-02-24T11:41:58+00:00\" \/>\r\n<meta name=\"author\" content=\"berriozar\" \/>\r\n<meta name=\"twitter:card\" content=\"summary_large_image\" \/>\r\n<meta name=\"twitter:label1\" content=\"Written by\" \/>\n\t<meta name=\"twitter:data1\" content=\"berriozar\" \/>\n\t<meta name=\"twitter:label2\" content=\"Est. reading time\" \/>\n\t<meta name=\"twitter:data2\" content=\"3 minutes\" \/>\r\n<script type=\"application\/ld+json\" class=\"yoast-schema-graph\">{\"@context\":\"https:\/\/schema.org\",\"@graph\":[{\"@type\":\"WebPage\",\"@id\":\"https:\/\/www.berriozar.es\/hola-que-tal-quisiera-hacer-una-pregunta-que-hemos-hecho-los-vecinos-de-artiberri-para-pagar-tanta-contribucion-me-imagino-que-nada-pero-no-me-parece-ni-medio-normal-a-veces-me-pregunto-si\/\",\"url\":\"https:\/\/www.berriozar.es\/hola-que-tal-quisiera-hacer-una-pregunta-que-hemos-hecho-los-vecinos-de-artiberri-para-pagar-tanta-contribucion-me-imagino-que-nada-pero-no-me-parece-ni-medio-normal-a-veces-me-pregunto-si\/\",\"name\":\"Hola qu\u00e9 tal, quisiera hacer una pregunta, \u00bfqu\u00e9 hemos hecho los vecinos de artiberri para pagar tanta contribuci\u00f3n? me imagino que nada, pero no me parece ni medio normal, a veces me pregunto si vivo en Gorraiz o en una urbanizaci\u00f3n. Se que me dir\u00e9is c\u00f3mo se calcula, cu\u00e1nto vale el metro cuadrado, por no se que, por no se cuanto,algo que nunca entender\u00e9 (tantos n\u00fameros) pero hay que recordar que esto es Berriozar, un pueblo obrero que vive d\u00eda a d\u00eda, por eso no me parece justo que paguemos m\u00e1s de 160\u20ac cada seis meses, \u00bfno os parece exagerado?, seguramente no, pero en otras zonas de Berriozar se paga la mitad. Vivimos en una zona que est\u00e1 sin terminar sin apenas zonas de ocio ni comercio,y una as\u00ed pagamos barbaridades. Espero que reconsider\u00e9is este tema, que para la gente joven que vive en esta zona, est\u00e1 con hipotecas muy grandes, y con el agua hasta el cuello. un saludo (22\/06\/2015) (gaztelaniaz) (22\/06\/15) - Ayuntamiento de Berriozar \/ Berriozarko Udala\",\"isPartOf\":{\"@id\":\"https:\/\/www.berriozar.es\/#website\"},\"datePublished\":\"2015-07-03T10:44:25+00:00\",\"dateModified\":\"2022-02-24T11:41:58+00:00\",\"author\":{\"@id\":\"https:\/\/www.berriozar.es\/#\/schema\/person\/873e251c799afa3ad2eed6828e04aef8\"},\"breadcrumb\":{\"@id\":\"https:\/\/www.berriozar.es\/hola-que-tal-quisiera-hacer-una-pregunta-que-hemos-hecho-los-vecinos-de-artiberri-para-pagar-tanta-contribucion-me-imagino-que-nada-pero-no-me-parece-ni-medio-normal-a-veces-me-pregunto-si\/#breadcrumb\"},\"inLanguage\":\"eu-ES\",\"potentialAction\":[{\"@type\":\"ReadAction\",\"target\":[\"https:\/\/www.berriozar.es\/hola-que-tal-quisiera-hacer-una-pregunta-que-hemos-hecho-los-vecinos-de-artiberri-para-pagar-tanta-contribucion-me-imagino-que-nada-pero-no-me-parece-ni-medio-normal-a-veces-me-pregunto-si\/\"]}]},{\"@type\":\"BreadcrumbList\",\"@id\":\"https:\/\/www.berriozar.es\/hola-que-tal-quisiera-hacer-una-pregunta-que-hemos-hecho-los-vecinos-de-artiberri-para-pagar-tanta-contribucion-me-imagino-que-nada-pero-no-me-parece-ni-medio-normal-a-veces-me-pregunto-si\/#breadcrumb\",\"itemListElement\":[{\"@type\":\"ListItem\",\"position\":1,\"name\":\"Portada\",\"item\":\"https:\/\/www.berriozar.es\/\"},{\"@type\":\"ListItem\",\"position\":2,\"name\":\"Hola qu\u00e9 tal, quisiera hacer una pregunta, \u00bfqu\u00e9 hemos hecho los vecinos de artiberri para pagar tanta contribuci\u00f3n? me imagino que nada, pero no me parece ni medio normal, a veces me pregunto si vivo en Gorraiz o en una urbanizaci\u00f3n. Se que me dir\u00e9is c\u00f3mo se calcula, cu\u00e1nto vale el metro cuadrado, por no se que, por no se cuanto,algo que nunca entender\u00e9 (tantos n\u00fameros) pero hay que recordar que esto es Berriozar, un pueblo obrero que vive d\u00eda a d\u00eda, por eso no me parece justo que paguemos m\u00e1s de 160\u20ac cada seis meses, \u00bfno os parece exagerado?, seguramente no, pero en otras zonas de Berriozar se paga la mitad. Vivimos en una zona que est\u00e1 sin terminar sin apenas zonas de ocio ni comercio,y una as\u00ed pagamos barbaridades. Espero que reconsider\u00e9is este tema, que para la gente joven que vive en esta zona, est\u00e1 con hipotecas muy grandes, y con el agua hasta el cuello. un saludo (22\/06\/2015) (gaztelaniaz) (22\/06\/15)\"}]},{\"@type\":\"WebSite\",\"@id\":\"https:\/\/www.berriozar.es\/#website\",\"url\":\"https:\/\/www.berriozar.es\/\",\"name\":\"Ayuntamiento de Berriozar \/ Berriozarko Udala\",\"description\":\"Ayuntamiento de Berriozar \/ Berriozarko Udala\",\"potentialAction\":[{\"@type\":\"SearchAction\",\"target\":{\"@type\":\"EntryPoint\",\"urlTemplate\":\"https:\/\/www.berriozar.es\/?s={search_term_string}\"},\"query-input\":\"required name=search_term_string\"}],\"inLanguage\":\"eu-ES\"},{\"@type\":\"Person\",\"@id\":\"https:\/\/www.berriozar.es\/#\/schema\/person\/873e251c799afa3ad2eed6828e04aef8\",\"name\":\"berriozar\",\"image\":{\"@type\":\"ImageObject\",\"inLanguage\":\"eu-ES\",\"@id\":\"https:\/\/www.berriozar.es\/#\/schema\/person\/image\/\",\"url\":\"https:\/\/secure.gravatar.com\/avatar\/bd724fa56290368b6672f66dab245e72?s=96&d=mm&r=g\",\"contentUrl\":\"https:\/\/secure.gravatar.com\/avatar\/bd724fa56290368b6672f66dab245e72?s=96&d=mm&r=g\",\"caption\":\"berriozar\"},\"url\":\"https:\/\/www.berriozar.es\/eu\/author\/berriozar\/\"}]}<\/script>\r\n<!-- \/ Yoast SEO plugin. -->","yoast_head_json":{"title":"Hola qu\u00e9 tal, quisiera hacer una pregunta, \u00bfqu\u00e9 hemos hecho los vecinos de artiberri para pagar tanta contribuci\u00f3n? me imagino que nada, pero no me parece ni medio normal, a veces me pregunto si vivo en Gorraiz o en una urbanizaci\u00f3n. Se que me dir\u00e9is c\u00f3mo se calcula, cu\u00e1nto vale el metro cuadrado, por no se que, por no se cuanto,algo que nunca entender\u00e9 (tantos n\u00fameros) pero hay que recordar que esto es Berriozar, un pueblo obrero que vive d\u00eda a d\u00eda, por eso no me parece justo que paguemos m\u00e1s de 160\u20ac cada seis meses, \u00bfno os parece exagerado?, seguramente no, pero en otras zonas de Berriozar se paga la mitad. Vivimos en una zona que est\u00e1 sin terminar sin apenas zonas de ocio ni comercio,y una as\u00ed pagamos barbaridades. Espero que reconsider\u00e9is este tema, que para la gente joven que vive en esta zona, est\u00e1 con hipotecas muy grandes, y con el agua hasta el cuello. un saludo (22\/06\/2015) (gaztelaniaz) (22\/06\/15) - Ayuntamiento de Berriozar \/ Berriozarko Udala","robots":{"index":"index","follow":"follow","max-snippet":"max-snippet:-1","max-image-preview":"max-image-preview:large","max-video-preview":"max-video-preview:-1"},"canonical":"https:\/\/www.berriozar.es\/hola-que-tal-quisiera-hacer-una-pregunta-que-hemos-hecho-los-vecinos-de-artiberri-para-pagar-tanta-contribucion-me-imagino-que-nada-pero-no-me-parece-ni-medio-normal-a-veces-me-pregunto-si\/","og_locale":"eu_ES","og_type":"article","og_title":"Hola qu\u00e9 tal, quisiera hacer una pregunta, \u00bfqu\u00e9 hemos hecho los vecinos de artiberri para pagar tanta contribuci\u00f3n? me imagino que nada, pero no me parece ni medio normal, a veces me pregunto si vivo en Gorraiz o en una urbanizaci\u00f3n. Se que me dir\u00e9is c\u00f3mo se calcula, cu\u00e1nto vale el metro cuadrado, por no se que, por no se cuanto,algo que nunca entender\u00e9 (tantos n\u00fameros) pero hay que recordar que esto es Berriozar, un pueblo obrero que vive d\u00eda a d\u00eda, por eso no me parece justo que paguemos m\u00e1s de 160\u20ac cada seis meses, \u00bfno os parece exagerado?, seguramente no, pero en otras zonas de Berriozar se paga la mitad. Vivimos en una zona que est\u00e1 sin terminar sin apenas zonas de ocio ni comercio,y una as\u00ed pagamos barbaridades. Espero que reconsider\u00e9is este tema, que para la gente joven que vive en esta zona, est\u00e1 con hipotecas muy grandes, y con el agua hasta el cuello. un saludo (22\/06\/2015) (gaztelaniaz) (22\/06\/15) - Ayuntamiento de Berriozar \/ Berriozarko Udala","og_description":"Estimado vecino. La contribuci\u00f3n o IBI es el principal impuesto municipal que existe. Su recaudaci\u00f3n permite que los Ayuntamientos tengan financiaci\u00f3n para poder dar servicios a la ciudadan\u00eda: limpieza, actos culturales, cursos deportivos, obras de mantenimiento y mejora&#8230; Coincido con Ud. en que la distribuci\u00f3n de los impuestos es bastante desigual; as\u00ed, impuestos de gran [&hellip;]","og_url":"https:\/\/www.berriozar.es\/hola-que-tal-quisiera-hacer-una-pregunta-que-hemos-hecho-los-vecinos-de-artiberri-para-pagar-tanta-contribucion-me-imagino-que-nada-pero-no-me-parece-ni-medio-normal-a-veces-me-pregunto-si\/","og_site_name":"Ayuntamiento de Berriozar \/ Berriozarko Udala","article_published_time":"2015-07-03T10:44:25+00:00","article_modified_time":"2022-02-24T11:41:58+00:00","author":"berriozar","twitter_card":"summary_large_image","twitter_misc":{"Written by":"berriozar","Est. reading time":"3 minutes"},"schema":{"@context":"https:\/\/schema.org","@graph":[{"@type":"WebPage","@id":"https:\/\/www.berriozar.es\/hola-que-tal-quisiera-hacer-una-pregunta-que-hemos-hecho-los-vecinos-de-artiberri-para-pagar-tanta-contribucion-me-imagino-que-nada-pero-no-me-parece-ni-medio-normal-a-veces-me-pregunto-si\/","url":"https:\/\/www.berriozar.es\/hola-que-tal-quisiera-hacer-una-pregunta-que-hemos-hecho-los-vecinos-de-artiberri-para-pagar-tanta-contribucion-me-imagino-que-nada-pero-no-me-parece-ni-medio-normal-a-veces-me-pregunto-si\/","name":"Hola qu\u00e9 tal, quisiera hacer una pregunta, \u00bfqu\u00e9 hemos hecho los vecinos de artiberri para pagar tanta contribuci\u00f3n? me imagino que nada, pero no me parece ni medio normal, a veces me pregunto si vivo en Gorraiz o en una urbanizaci\u00f3n. Se que me dir\u00e9is c\u00f3mo se calcula, cu\u00e1nto vale el metro cuadrado, por no se que, por no se cuanto,algo que nunca entender\u00e9 (tantos n\u00fameros) pero hay que recordar que esto es Berriozar, un pueblo obrero que vive d\u00eda a d\u00eda, por eso no me parece justo que paguemos m\u00e1s de 160\u20ac cada seis meses, \u00bfno os parece exagerado?, seguramente no, pero en otras zonas de Berriozar se paga la mitad. Vivimos en una zona que est\u00e1 sin terminar sin apenas zonas de ocio ni comercio,y una as\u00ed pagamos barbaridades. Espero que reconsider\u00e9is este tema, que para la gente joven que vive en esta zona, est\u00e1 con hipotecas muy grandes, y con el agua hasta el cuello. un saludo (22\/06\/2015) (gaztelaniaz) (22\/06\/15) - Ayuntamiento de Berriozar \/ Berriozarko Udala","isPartOf":{"@id":"https:\/\/www.berriozar.es\/#website"},"datePublished":"2015-07-03T10:44:25+00:00","dateModified":"2022-02-24T11:41:58+00:00","author":{"@id":"https:\/\/www.berriozar.es\/#\/schema\/person\/873e251c799afa3ad2eed6828e04aef8"},"breadcrumb":{"@id":"https:\/\/www.berriozar.es\/hola-que-tal-quisiera-hacer-una-pregunta-que-hemos-hecho-los-vecinos-de-artiberri-para-pagar-tanta-contribucion-me-imagino-que-nada-pero-no-me-parece-ni-medio-normal-a-veces-me-pregunto-si\/#breadcrumb"},"inLanguage":"eu-ES","potentialAction":[{"@type":"ReadAction","target":["https:\/\/www.berriozar.es\/hola-que-tal-quisiera-hacer-una-pregunta-que-hemos-hecho-los-vecinos-de-artiberri-para-pagar-tanta-contribucion-me-imagino-que-nada-pero-no-me-parece-ni-medio-normal-a-veces-me-pregunto-si\/"]}]},{"@type":"BreadcrumbList","@id":"https:\/\/www.berriozar.es\/hola-que-tal-quisiera-hacer-una-pregunta-que-hemos-hecho-los-vecinos-de-artiberri-para-pagar-tanta-contribucion-me-imagino-que-nada-pero-no-me-parece-ni-medio-normal-a-veces-me-pregunto-si\/#breadcrumb","itemListElement":[{"@type":"ListItem","position":1,"name":"Portada","item":"https:\/\/www.berriozar.es\/"},{"@type":"ListItem","position":2,"name":"Hola qu\u00e9 tal, quisiera hacer una pregunta, \u00bfqu\u00e9 hemos hecho los vecinos de artiberri para pagar tanta contribuci\u00f3n? me imagino que nada, pero no me parece ni medio normal, a veces me pregunto si vivo en Gorraiz o en una urbanizaci\u00f3n. Se que me dir\u00e9is c\u00f3mo se calcula, cu\u00e1nto vale el metro cuadrado, por no se que, por no se cuanto,algo que nunca entender\u00e9 (tantos n\u00fameros) pero hay que recordar que esto es Berriozar, un pueblo obrero que vive d\u00eda a d\u00eda, por eso no me parece justo que paguemos m\u00e1s de 160\u20ac cada seis meses, \u00bfno os parece exagerado?, seguramente no, pero en otras zonas de Berriozar se paga la mitad. Vivimos en una zona que est\u00e1 sin terminar sin apenas zonas de ocio ni comercio,y una as\u00ed pagamos barbaridades. Espero que reconsider\u00e9is este tema, que para la gente joven que vive en esta zona, est\u00e1 con hipotecas muy grandes, y con el agua hasta el cuello. un saludo (22\/06\/2015) (gaztelaniaz) (22\/06\/15)"}]},{"@type":"WebSite","@id":"https:\/\/www.berriozar.es\/#website","url":"https:\/\/www.berriozar.es\/","name":"Ayuntamiento de Berriozar \/ Berriozarko Udala","description":"Ayuntamiento de Berriozar \/ Berriozarko Udala","potentialAction":[{"@type":"SearchAction","target":{"@type":"EntryPoint","urlTemplate":"https:\/\/www.berriozar.es\/?s={search_term_string}"},"query-input":"required name=search_term_string"}],"inLanguage":"eu-ES"},{"@type":"Person","@id":"https:\/\/www.berriozar.es\/#\/schema\/person\/873e251c799afa3ad2eed6828e04aef8","name":"berriozar","image":{"@type":"ImageObject","inLanguage":"eu-ES","@id":"https:\/\/www.berriozar.es\/#\/schema\/person\/image\/","url":"https:\/\/secure.gravatar.com\/avatar\/bd724fa56290368b6672f66dab245e72?s=96&d=mm&r=g","contentUrl":"https:\/\/secure.gravatar.com\/avatar\/bd724fa56290368b6672f66dab245e72?s=96&d=mm&r=g","caption":"berriozar"},"url":"https:\/\/www.berriozar.es\/eu\/author\/berriozar\/"}]}},"_links":{"self":[{"href":"https:\/\/www.berriozar.es\/eu\/wp-json\/wp\/v2\/posts\/30809"}],"collection":[{"href":"https:\/\/www.berriozar.es\/eu\/wp-json\/wp\/v2\/posts"}],"about":[{"href":"https:\/\/www.berriozar.es\/eu\/wp-json\/wp\/v2\/types\/post"}],"author":[{"embeddable":true,"href":"https:\/\/www.berriozar.es\/eu\/wp-json\/wp\/v2\/users\/36"}],"replies":[{"embeddable":true,"href":"https:\/\/www.berriozar.es\/eu\/wp-json\/wp\/v2\/comments?post=30809"}],"version-history":[{"count":1,"href":"https:\/\/www.berriozar.es\/eu\/wp-json\/wp\/v2\/posts\/30809\/revisions"}],"predecessor-version":[{"id":32806,"href":"https:\/\/www.berriozar.es\/eu\/wp-json\/wp\/v2\/posts\/30809\/revisions\/32806"}],"wp:attachment":[{"href":"https:\/\/www.berriozar.es\/eu\/wp-json\/wp\/v2\/media?parent=30809"}],"wp:term":[{"taxonomy":"category","embeddable":true,"href":"https:\/\/www.berriozar.es\/eu\/wp-json\/wp\/v2\/categories?post=30809"},{"taxonomy":"post_tag","embeddable":true,"href":"https:\/\/www.berriozar.es\/eu\/wp-json\/wp\/v2\/tags?post=30809"}],"curies":[{"name":"wp","href":"https:\/\/api.w.org\/{rel}","templated":true}]}}