{"id":30881,"date":"2015-09-28T10:47:33","date_gmt":"2015-09-28T08:47:33","guid":{"rendered":"http:\/\/www.berriozar.es\/grupo-municipal-eh-bildu-comentario-buenas-tardes-vivo-en-la-c-etxebakar-y-al-lado-de-nuestro-garaje-hay-una-zona-que-si-no-he-visto-mal-la-estan-habilitando-como-zona-ajardinada-se-podria-pedir\/"},"modified":"2022-02-24T12:45:21","modified_gmt":"2022-02-24T11:45:21","slug":"grupo-municipal-eh-bildu-comentario-buenas-tardes-vivo-en-la-c-etxebakar-y-al-lado-de-nuestro-garaje-hay-una-zona-que-si-no-he-visto-mal-la-estan-habilitando-como-zona-ajardinada-se-podria-pedir","status":"publish","type":"post","link":"https:\/\/www.berriozar.es\/eu\/grupo-municipal-eh-bildu-comentario-buenas-tardes-vivo-en-la-c-etxebakar-y-al-lado-de-nuestro-garaje-hay-una-zona-que-si-no-he-visto-mal-la-estan-habilitando-como-zona-ajardinada-se-podria-pedir\/","title":{"rendered":"Grupo municipal: EH BILDU .Comentario: Buenas tardes, vivo en la c \/etxebakar y al lado de nuestro garaje hay una zona que si no he visto mal la est\u00e1n habilitando como zona ajardinada. Se podr\u00eda pedir que se colocara un parque infantil? Ya que el que hay detr\u00e1s que esta con la pista de f\u00fatbol y cancha de baloncesto creo que se queda peque\u00f1o para los ni\u00f1os de esa zona.  Un saludo y gracias. (gaztelaniaz) (15\/09\/14)"},"content":{"rendered":"<p>Buenos d\u00edas \/ Egun on.<\/p>\n<p>En respuesta a su correo electr\u00f3nico, desde esta Alcald\u00eda le comunico que, efectivamente la zona que usted menciona se est\u00e1 acondicionando como zona ajardinada.<br \/>\nAl tratarse de una parcela que est\u00e1 pendiente de construcci\u00f3n, es una manera de evitar el que se convierta en un vertedero.<br \/>\nComo se trata de una parcela privada, el Ayuntamiento no puede colocar ninguna dotaci\u00f3n en este espacio, \u00fanicamente el c\u00e9sped, y por el motivo que ya hemos expuesto.<br \/>\nS\u00ed que existe una demanda real de que en la zona de Artiberri se instale alguna zona de juegos infantiles, demanda que va a ser atendida, pero situ\u00e1ndolos en parcelas propiedad del Ayuntamiento, concretamente se colocar\u00e1n entre las calles Eunsasi y Errota.<br \/>\nEsperamos que a lo largo de este a\u00f1o que viene podamos hacerlo realidad.<br \/>\nAgradeciendo su colaboraci\u00f3n con el Ayuntamiento de Berriozar, quedo a su disposici\u00f3n para cualquier duda o aclaraci\u00f3n que precise.<br \/>\nAtentamente.<br \/>\nMilesker zure laguntzagatik<br \/>\nGrupo Municipal de EH BILDU.<\/p>\n","protected":false},"excerpt":{"rendered":"<p>Buenos d\u00edas \/ Egun on. En respuesta a su correo electr\u00f3nico, desde esta Alcald\u00eda le comunico que, efectivamente la zona que usted menciona se est\u00e1 acondicionando como zona ajardinada. Al tratarse de una parcela que est\u00e1 pendiente de construcci\u00f3n, es una manera de evitar el que se convierta en un vertedero. Como se trata de [&hellip;]<\/p>\n","protected":false},"author":36,"featured_media":0,"comment_status":"closed","ping_status":"closed","sticky":false,"template":"","format":"standard","meta":{"_exactmetrics_skip_tracking":false,"_exactmetrics_sitenote_active":false,"_exactmetrics_sitenote_note":"","_exactmetrics_sitenote_category":0,"footnotes":""},"categories":[189],"tags":[],"yoast_head":"<!-- This site is optimized with the Yoast SEO plugin v22.8 - https:\/\/yoast.com\/wordpress\/plugins\/seo\/ -->\r\n<title>Grupo municipal: EH BILDU .Comentario: Buenas tardes, vivo en la c \/etxebakar y al lado de nuestro garaje hay una zona que si no he visto mal la est\u00e1n habilitando como zona ajardinada. Se podr\u00eda pedir que se colocara un parque infantil? Ya que el que hay detr\u00e1s que esta con la pista de f\u00fatbol y cancha de baloncesto creo que se queda peque\u00f1o para los ni\u00f1os de esa zona. Un saludo y gracias. (gaztelaniaz) (15\/09\/14) - Ayuntamiento de Berriozar \/ Berriozarko Udala<\/title>\r\n<meta name=\"robots\" content=\"index, follow, max-snippet:-1, max-image-preview:large, max-video-preview:-1\" \/>\r\n<link rel=\"canonical\" href=\"https:\/\/www.berriozar.es\/grupo-municipal-eh-bildu-comentario-buenas-tardes-vivo-en-la-c-etxebakar-y-al-lado-de-nuestro-garaje-hay-una-zona-que-si-no-he-visto-mal-la-estan-habilitando-como-zona-ajardinada-se-podria-pedir\/\" \/>\r\n<meta property=\"og:locale\" content=\"eu_ES\" \/>\r\n<meta property=\"og:type\" content=\"article\" \/>\r\n<meta property=\"og:title\" content=\"Grupo municipal: EH BILDU .Comentario: Buenas tardes, vivo en la c \/etxebakar y al lado de nuestro garaje hay una zona que si no he visto mal la est\u00e1n habilitando como zona ajardinada. Se podr\u00eda pedir que se colocara un parque infantil? Ya que el que hay detr\u00e1s que esta con la pista de f\u00fatbol y cancha de baloncesto creo que se queda peque\u00f1o para los ni\u00f1os de esa zona. Un saludo y gracias. (gaztelaniaz) (15\/09\/14) - Ayuntamiento de Berriozar \/ Berriozarko Udala\" \/>\r\n<meta property=\"og:description\" content=\"Buenos d\u00edas \/ Egun on. En respuesta a su correo electr\u00f3nico, desde esta Alcald\u00eda le comunico que, efectivamente la zona que usted menciona se est\u00e1 acondicionando como zona ajardinada. Al tratarse de una parcela que est\u00e1 pendiente de construcci\u00f3n, es una manera de evitar el que se convierta en un vertedero. Como se trata de [&hellip;]\" \/>\r\n<meta property=\"og:url\" content=\"https:\/\/www.berriozar.es\/grupo-municipal-eh-bildu-comentario-buenas-tardes-vivo-en-la-c-etxebakar-y-al-lado-de-nuestro-garaje-hay-una-zona-que-si-no-he-visto-mal-la-estan-habilitando-como-zona-ajardinada-se-podria-pedir\/\" \/>\r\n<meta property=\"og:site_name\" content=\"Ayuntamiento de Berriozar \/ Berriozarko Udala\" \/>\r\n<meta property=\"article:published_time\" content=\"2015-09-28T08:47:33+00:00\" \/>\r\n<meta property=\"article:modified_time\" content=\"2022-02-24T11:45:21+00:00\" \/>\r\n<meta name=\"author\" content=\"berriozar\" \/>\r\n<meta name=\"twitter:card\" content=\"summary_large_image\" \/>\r\n<meta name=\"twitter:label1\" content=\"Written by\" \/>\n\t<meta name=\"twitter:data1\" content=\"berriozar\" \/>\n\t<meta name=\"twitter:label2\" content=\"Est. reading time\" \/>\n\t<meta name=\"twitter:data2\" content=\"1 minute\" \/>\r\n<script type=\"application\/ld+json\" class=\"yoast-schema-graph\">{\"@context\":\"https:\/\/schema.org\",\"@graph\":[{\"@type\":\"WebPage\",\"@id\":\"https:\/\/www.berriozar.es\/grupo-municipal-eh-bildu-comentario-buenas-tardes-vivo-en-la-c-etxebakar-y-al-lado-de-nuestro-garaje-hay-una-zona-que-si-no-he-visto-mal-la-estan-habilitando-como-zona-ajardinada-se-podria-pedir\/\",\"url\":\"https:\/\/www.berriozar.es\/grupo-municipal-eh-bildu-comentario-buenas-tardes-vivo-en-la-c-etxebakar-y-al-lado-de-nuestro-garaje-hay-una-zona-que-si-no-he-visto-mal-la-estan-habilitando-como-zona-ajardinada-se-podria-pedir\/\",\"name\":\"Grupo municipal: EH BILDU .Comentario: Buenas tardes, vivo en la c \/etxebakar y al lado de nuestro garaje hay una zona que si no he visto mal la est\u00e1n habilitando como zona ajardinada. Se podr\u00eda pedir que se colocara un parque infantil? Ya que el que hay detr\u00e1s que esta con la pista de f\u00fatbol y cancha de baloncesto creo que se queda peque\u00f1o para los ni\u00f1os de esa zona. Un saludo y gracias. (gaztelaniaz) (15\/09\/14) - Ayuntamiento de Berriozar \/ Berriozarko Udala\",\"isPartOf\":{\"@id\":\"https:\/\/www.berriozar.es\/#website\"},\"datePublished\":\"2015-09-28T08:47:33+00:00\",\"dateModified\":\"2022-02-24T11:45:21+00:00\",\"author\":{\"@id\":\"https:\/\/www.berriozar.es\/#\/schema\/person\/873e251c799afa3ad2eed6828e04aef8\"},\"breadcrumb\":{\"@id\":\"https:\/\/www.berriozar.es\/grupo-municipal-eh-bildu-comentario-buenas-tardes-vivo-en-la-c-etxebakar-y-al-lado-de-nuestro-garaje-hay-una-zona-que-si-no-he-visto-mal-la-estan-habilitando-como-zona-ajardinada-se-podria-pedir\/#breadcrumb\"},\"inLanguage\":\"eu-ES\",\"potentialAction\":[{\"@type\":\"ReadAction\",\"target\":[\"https:\/\/www.berriozar.es\/grupo-municipal-eh-bildu-comentario-buenas-tardes-vivo-en-la-c-etxebakar-y-al-lado-de-nuestro-garaje-hay-una-zona-que-si-no-he-visto-mal-la-estan-habilitando-como-zona-ajardinada-se-podria-pedir\/\"]}]},{\"@type\":\"BreadcrumbList\",\"@id\":\"https:\/\/www.berriozar.es\/grupo-municipal-eh-bildu-comentario-buenas-tardes-vivo-en-la-c-etxebakar-y-al-lado-de-nuestro-garaje-hay-una-zona-que-si-no-he-visto-mal-la-estan-habilitando-como-zona-ajardinada-se-podria-pedir\/#breadcrumb\",\"itemListElement\":[{\"@type\":\"ListItem\",\"position\":1,\"name\":\"Portada\",\"item\":\"https:\/\/www.berriozar.es\/\"},{\"@type\":\"ListItem\",\"position\":2,\"name\":\"Grupo municipal: EH BILDU .Comentario: Buenas tardes, vivo en la c \/etxebakar y al lado de nuestro garaje hay una zona que si no he visto mal la est\u00e1n habilitando como zona ajardinada. Se podr\u00eda pedir que se colocara un parque infantil? Ya que el que hay detr\u00e1s que esta con la pista de f\u00fatbol y cancha de baloncesto creo que se queda peque\u00f1o para los ni\u00f1os de esa zona. Un saludo y gracias. (gaztelaniaz) (15\/09\/14)\"}]},{\"@type\":\"WebSite\",\"@id\":\"https:\/\/www.berriozar.es\/#website\",\"url\":\"https:\/\/www.berriozar.es\/\",\"name\":\"Ayuntamiento de Berriozar \/ Berriozarko Udala\",\"description\":\"Ayuntamiento de Berriozar \/ Berriozarko Udala\",\"potentialAction\":[{\"@type\":\"SearchAction\",\"target\":{\"@type\":\"EntryPoint\",\"urlTemplate\":\"https:\/\/www.berriozar.es\/?s={search_term_string}\"},\"query-input\":\"required name=search_term_string\"}],\"inLanguage\":\"eu-ES\"},{\"@type\":\"Person\",\"@id\":\"https:\/\/www.berriozar.es\/#\/schema\/person\/873e251c799afa3ad2eed6828e04aef8\",\"name\":\"berriozar\",\"image\":{\"@type\":\"ImageObject\",\"inLanguage\":\"eu-ES\",\"@id\":\"https:\/\/www.berriozar.es\/#\/schema\/person\/image\/\",\"url\":\"https:\/\/secure.gravatar.com\/avatar\/bd724fa56290368b6672f66dab245e72?s=96&d=mm&r=g\",\"contentUrl\":\"https:\/\/secure.gravatar.com\/avatar\/bd724fa56290368b6672f66dab245e72?s=96&d=mm&r=g\",\"caption\":\"berriozar\"},\"url\":\"https:\/\/www.berriozar.es\/eu\/author\/berriozar\/\"}]}<\/script>\r\n<!-- \/ Yoast SEO plugin. -->","yoast_head_json":{"title":"Grupo municipal: EH BILDU .Comentario: Buenas tardes, vivo en la c \/etxebakar y al lado de nuestro garaje hay una zona que si no he visto mal la est\u00e1n habilitando como zona ajardinada. Se podr\u00eda pedir que se colocara un parque infantil? Ya que el que hay detr\u00e1s que esta con la pista de f\u00fatbol y cancha de baloncesto creo que se queda peque\u00f1o para los ni\u00f1os de esa zona. Un saludo y gracias. (gaztelaniaz) (15\/09\/14) - Ayuntamiento de Berriozar \/ Berriozarko Udala","robots":{"index":"index","follow":"follow","max-snippet":"max-snippet:-1","max-image-preview":"max-image-preview:large","max-video-preview":"max-video-preview:-1"},"canonical":"https:\/\/www.berriozar.es\/grupo-municipal-eh-bildu-comentario-buenas-tardes-vivo-en-la-c-etxebakar-y-al-lado-de-nuestro-garaje-hay-una-zona-que-si-no-he-visto-mal-la-estan-habilitando-como-zona-ajardinada-se-podria-pedir\/","og_locale":"eu_ES","og_type":"article","og_title":"Grupo municipal: EH BILDU .Comentario: Buenas tardes, vivo en la c \/etxebakar y al lado de nuestro garaje hay una zona que si no he visto mal la est\u00e1n habilitando como zona ajardinada. Se podr\u00eda pedir que se colocara un parque infantil? Ya que el que hay detr\u00e1s que esta con la pista de f\u00fatbol y cancha de baloncesto creo que se queda peque\u00f1o para los ni\u00f1os de esa zona. Un saludo y gracias. (gaztelaniaz) (15\/09\/14) - Ayuntamiento de Berriozar \/ Berriozarko Udala","og_description":"Buenos d\u00edas \/ Egun on. En respuesta a su correo electr\u00f3nico, desde esta Alcald\u00eda le comunico que, efectivamente la zona que usted menciona se est\u00e1 acondicionando como zona ajardinada. Al tratarse de una parcela que est\u00e1 pendiente de construcci\u00f3n, es una manera de evitar el que se convierta en un vertedero. Como se trata de [&hellip;]","og_url":"https:\/\/www.berriozar.es\/grupo-municipal-eh-bildu-comentario-buenas-tardes-vivo-en-la-c-etxebakar-y-al-lado-de-nuestro-garaje-hay-una-zona-que-si-no-he-visto-mal-la-estan-habilitando-como-zona-ajardinada-se-podria-pedir\/","og_site_name":"Ayuntamiento de Berriozar \/ Berriozarko Udala","article_published_time":"2015-09-28T08:47:33+00:00","article_modified_time":"2022-02-24T11:45:21+00:00","author":"berriozar","twitter_card":"summary_large_image","twitter_misc":{"Written by":"berriozar","Est. reading time":"1 minute"},"schema":{"@context":"https:\/\/schema.org","@graph":[{"@type":"WebPage","@id":"https:\/\/www.berriozar.es\/grupo-municipal-eh-bildu-comentario-buenas-tardes-vivo-en-la-c-etxebakar-y-al-lado-de-nuestro-garaje-hay-una-zona-que-si-no-he-visto-mal-la-estan-habilitando-como-zona-ajardinada-se-podria-pedir\/","url":"https:\/\/www.berriozar.es\/grupo-municipal-eh-bildu-comentario-buenas-tardes-vivo-en-la-c-etxebakar-y-al-lado-de-nuestro-garaje-hay-una-zona-que-si-no-he-visto-mal-la-estan-habilitando-como-zona-ajardinada-se-podria-pedir\/","name":"Grupo municipal: EH BILDU .Comentario: Buenas tardes, vivo en la c \/etxebakar y al lado de nuestro garaje hay una zona que si no he visto mal la est\u00e1n habilitando como zona ajardinada. Se podr\u00eda pedir que se colocara un parque infantil? Ya que el que hay detr\u00e1s que esta con la pista de f\u00fatbol y cancha de baloncesto creo que se queda peque\u00f1o para los ni\u00f1os de esa zona. Un saludo y gracias. (gaztelaniaz) (15\/09\/14) - Ayuntamiento de Berriozar \/ Berriozarko Udala","isPartOf":{"@id":"https:\/\/www.berriozar.es\/#website"},"datePublished":"2015-09-28T08:47:33+00:00","dateModified":"2022-02-24T11:45:21+00:00","author":{"@id":"https:\/\/www.berriozar.es\/#\/schema\/person\/873e251c799afa3ad2eed6828e04aef8"},"breadcrumb":{"@id":"https:\/\/www.berriozar.es\/grupo-municipal-eh-bildu-comentario-buenas-tardes-vivo-en-la-c-etxebakar-y-al-lado-de-nuestro-garaje-hay-una-zona-que-si-no-he-visto-mal-la-estan-habilitando-como-zona-ajardinada-se-podria-pedir\/#breadcrumb"},"inLanguage":"eu-ES","potentialAction":[{"@type":"ReadAction","target":["https:\/\/www.berriozar.es\/grupo-municipal-eh-bildu-comentario-buenas-tardes-vivo-en-la-c-etxebakar-y-al-lado-de-nuestro-garaje-hay-una-zona-que-si-no-he-visto-mal-la-estan-habilitando-como-zona-ajardinada-se-podria-pedir\/"]}]},{"@type":"BreadcrumbList","@id":"https:\/\/www.berriozar.es\/grupo-municipal-eh-bildu-comentario-buenas-tardes-vivo-en-la-c-etxebakar-y-al-lado-de-nuestro-garaje-hay-una-zona-que-si-no-he-visto-mal-la-estan-habilitando-como-zona-ajardinada-se-podria-pedir\/#breadcrumb","itemListElement":[{"@type":"ListItem","position":1,"name":"Portada","item":"https:\/\/www.berriozar.es\/"},{"@type":"ListItem","position":2,"name":"Grupo municipal: EH BILDU .Comentario: Buenas tardes, vivo en la c \/etxebakar y al lado de nuestro garaje hay una zona que si no he visto mal la est\u00e1n habilitando como zona ajardinada. Se podr\u00eda pedir que se colocara un parque infantil? Ya que el que hay detr\u00e1s que esta con la pista de f\u00fatbol y cancha de baloncesto creo que se queda peque\u00f1o para los ni\u00f1os de esa zona. Un saludo y gracias. (gaztelaniaz) (15\/09\/14)"}]},{"@type":"WebSite","@id":"https:\/\/www.berriozar.es\/#website","url":"https:\/\/www.berriozar.es\/","name":"Ayuntamiento de Berriozar \/ Berriozarko Udala","description":"Ayuntamiento de Berriozar \/ Berriozarko Udala","potentialAction":[{"@type":"SearchAction","target":{"@type":"EntryPoint","urlTemplate":"https:\/\/www.berriozar.es\/?s={search_term_string}"},"query-input":"required name=search_term_string"}],"inLanguage":"eu-ES"},{"@type":"Person","@id":"https:\/\/www.berriozar.es\/#\/schema\/person\/873e251c799afa3ad2eed6828e04aef8","name":"berriozar","image":{"@type":"ImageObject","inLanguage":"eu-ES","@id":"https:\/\/www.berriozar.es\/#\/schema\/person\/image\/","url":"https:\/\/secure.gravatar.com\/avatar\/bd724fa56290368b6672f66dab245e72?s=96&d=mm&r=g","contentUrl":"https:\/\/secure.gravatar.com\/avatar\/bd724fa56290368b6672f66dab245e72?s=96&d=mm&r=g","caption":"berriozar"},"url":"https:\/\/www.berriozar.es\/eu\/author\/berriozar\/"}]}},"_links":{"self":[{"href":"https:\/\/www.berriozar.es\/eu\/wp-json\/wp\/v2\/posts\/30881"}],"collection":[{"href":"https:\/\/www.berriozar.es\/eu\/wp-json\/wp\/v2\/posts"}],"about":[{"href":"https:\/\/www.berriozar.es\/eu\/wp-json\/wp\/v2\/types\/post"}],"author":[{"embeddable":true,"href":"https:\/\/www.berriozar.es\/eu\/wp-json\/wp\/v2\/users\/36"}],"replies":[{"embeddable":true,"href":"https:\/\/www.berriozar.es\/eu\/wp-json\/wp\/v2\/comments?post=30881"}],"version-history":[{"count":1,"href":"https:\/\/www.berriozar.es\/eu\/wp-json\/wp\/v2\/posts\/30881\/revisions"}],"predecessor-version":[{"id":32891,"href":"https:\/\/www.berriozar.es\/eu\/wp-json\/wp\/v2\/posts\/30881\/revisions\/32891"}],"wp:attachment":[{"href":"https:\/\/www.berriozar.es\/eu\/wp-json\/wp\/v2\/media?parent=30881"}],"wp:term":[{"taxonomy":"category","embeddable":true,"href":"https:\/\/www.berriozar.es\/eu\/wp-json\/wp\/v2\/categories?post=30881"},{"taxonomy":"post_tag","embeddable":true,"href":"https:\/\/www.berriozar.es\/eu\/wp-json\/wp\/v2\/tags?post=30881"}],"curies":[{"name":"wp","href":"https:\/\/api.w.org\/{rel}","templated":true}]}}