{"id":30955,"date":"2015-12-15T08:31:59","date_gmt":"2015-12-15T07:31:59","guid":{"rendered":"http:\/\/www.berriozar.es\/estimados-sres-recientemente-han-pintado-una-plaza-de-aparcamiento-en-la-calle-ardantzeta-me-consta-que-a-peticion-de-un-vecino-recien-llegado-que-tiene-una-hija-menor-con-minusvalia-el-caso-es-qu\/"},"modified":"2022-02-24T12:41:20","modified_gmt":"2022-02-24T11:41:20","slug":"estimados-sres-recientemente-han-pintado-una-plaza-de-aparcamiento-en-la-calle-ardantzeta-me-consta-que-a-peticion-de-un-vecino-recien-llegado-que-tiene-una-hija-menor-con-minusvalia-el-caso-es-qu","status":"publish","type":"post","link":"https:\/\/www.berriozar.es\/eu\/estimados-sres-recientemente-han-pintado-una-plaza-de-aparcamiento-en-la-calle-ardantzeta-me-consta-que-a-peticion-de-un-vecino-recien-llegado-que-tiene-una-hija-menor-con-minusvalia-el-caso-es-qu\/","title":{"rendered":"Estimados sres: recientemente han pintado una plaza de aparcamiento en la calle Ardantzeta, me consta que a petici\u00f3n de un vecino reci\u00e9n llegado, que tiene una hija menor con minusval\u00eda. El caso es que ya la usa como si fuera plaza particular de garage, a veces lleva a la ni\u00f1a y a veces no. Puede hacer eso? me parece el colmo de la caradura. He de decir que \u00e9l no tiene ninguna minusval\u00eda y est\u00e1 perfectamente (gaztelaniaz) (15\/12\/02)"},"content":{"rendered":"<p>Estimada vecina:<\/p>\n<p>En respuesta a tu escrito queremos comentarte que el criterio seguido en el Ayuntamiento de Berriozar para aquellas personas con movilidad reducida que solicitan un aparcamiento, es la de reservar un espacio de aparcamiento lo m\u00e1s cercano posible a su domicilio. Las condiciones para el uso de este aparcamiento especial son: que se utilice cuando la persona con movilidad reducida est\u00e9 en el veh\u00edculo, este aparcamiento no es nominal, es decir que puede ser utilizado por cualquier persona con movilidad reducida que se acerque a esa zona. Lo normal es que esa plaza estar\u00eda desocupada y que se utilice en momentos puntuales para la llegada y salida del domicilio.<br \/>\nEs Polic\u00eda Municipal quien se encarga del control y vigilancia de todos y cada uno de los aparcamientos de minusv\u00e1lidos y ponemos este caso en su conocimiento.<\/p>\n<p>Agradeciendo su colaboraci\u00f3n con el Ayuntamiento de Berriozar, quedo a su disposici\u00f3n para cualquier duda o aclaraci\u00f3n que precise, sin otro particular, reciba un cordial saludo.<\/p>\n<p>EL ALCALDE \/ ALKATEA<br \/>\nRa\u00fal Maiza Gonz\u00e1lez<\/p>\n","protected":false},"excerpt":{"rendered":"<p>Estimada vecina: En respuesta a tu escrito queremos comentarte que el criterio seguido en el Ayuntamiento de Berriozar para aquellas personas con movilidad reducida que solicitan un aparcamiento, es la de reservar un espacio de aparcamiento lo m\u00e1s cercano posible a su domicilio. Las condiciones para el uso de este aparcamiento especial son: que se [&hellip;]<\/p>\n","protected":false},"author":36,"featured_media":0,"comment_status":"closed","ping_status":"closed","sticky":false,"template":"","format":"standard","meta":{"_exactmetrics_skip_tracking":false,"_exactmetrics_sitenote_active":false,"_exactmetrics_sitenote_note":"","_exactmetrics_sitenote_category":0,"footnotes":""},"categories":[188],"tags":[],"yoast_head":"<!-- This site is optimized with the Yoast SEO plugin v22.8 - https:\/\/yoast.com\/wordpress\/plugins\/seo\/ -->\r\n<title>Estimados sres: recientemente han pintado una plaza de aparcamiento en la calle Ardantzeta, me consta que a petici\u00f3n de un vecino reci\u00e9n llegado, que tiene una hija menor con minusval\u00eda. El caso es que ya la usa como si fuera plaza particular de garage, a veces lleva a la ni\u00f1a y a veces no. Puede hacer eso? me parece el colmo de la caradura. He de decir que \u00e9l no tiene ninguna minusval\u00eda y est\u00e1 perfectamente (gaztelaniaz) (15\/12\/02) - Ayuntamiento de Berriozar \/ Berriozarko Udala<\/title>\r\n<meta name=\"robots\" content=\"index, follow, max-snippet:-1, max-image-preview:large, max-video-preview:-1\" \/>\r\n<link rel=\"canonical\" href=\"https:\/\/www.berriozar.es\/eu\/estimados-sres-recientemente-han-pintado-una-plaza-de-aparcamiento-en-la-calle-ardantzeta-me-consta-que-a-peticion-de-un-vecino-recien-llegado-que-tiene-una-hija-menor-con-minusvalia-el-caso-es-qu\/\" \/>\r\n<meta property=\"og:locale\" content=\"eu_ES\" \/>\r\n<meta property=\"og:type\" content=\"article\" \/>\r\n<meta property=\"og:title\" content=\"Estimados sres: recientemente han pintado una plaza de aparcamiento en la calle Ardantzeta, me consta que a petici\u00f3n de un vecino reci\u00e9n llegado, que tiene una hija menor con minusval\u00eda. El caso es que ya la usa como si fuera plaza particular de garage, a veces lleva a la ni\u00f1a y a veces no. Puede hacer eso? me parece el colmo de la caradura. He de decir que \u00e9l no tiene ninguna minusval\u00eda y est\u00e1 perfectamente (gaztelaniaz) (15\/12\/02) - Ayuntamiento de Berriozar \/ Berriozarko Udala\" \/>\r\n<meta property=\"og:description\" content=\"Estimada vecina: En respuesta a tu escrito queremos comentarte que el criterio seguido en el Ayuntamiento de Berriozar para aquellas personas con movilidad reducida que solicitan un aparcamiento, es la de reservar un espacio de aparcamiento lo m\u00e1s cercano posible a su domicilio. Las condiciones para el uso de este aparcamiento especial son: que se [&hellip;]\" \/>\r\n<meta property=\"og:url\" content=\"https:\/\/www.berriozar.es\/eu\/estimados-sres-recientemente-han-pintado-una-plaza-de-aparcamiento-en-la-calle-ardantzeta-me-consta-que-a-peticion-de-un-vecino-recien-llegado-que-tiene-una-hija-menor-con-minusvalia-el-caso-es-qu\/\" \/>\r\n<meta property=\"og:site_name\" content=\"Ayuntamiento de Berriozar \/ Berriozarko Udala\" \/>\r\n<meta property=\"article:published_time\" content=\"2015-12-15T07:31:59+00:00\" \/>\r\n<meta property=\"article:modified_time\" content=\"2022-02-24T11:41:20+00:00\" \/>\r\n<meta name=\"author\" content=\"berriozar\" \/>\r\n<meta name=\"twitter:card\" content=\"summary_large_image\" \/>\r\n<meta name=\"twitter:label1\" content=\"Written by\" \/>\n\t<meta name=\"twitter:data1\" content=\"berriozar\" \/>\n\t<meta name=\"twitter:label2\" content=\"Est. reading time\" \/>\n\t<meta name=\"twitter:data2\" content=\"1 minute\" \/>\r\n<script type=\"application\/ld+json\" class=\"yoast-schema-graph\">{\"@context\":\"https:\/\/schema.org\",\"@graph\":[{\"@type\":\"WebPage\",\"@id\":\"https:\/\/www.berriozar.es\/eu\/estimados-sres-recientemente-han-pintado-una-plaza-de-aparcamiento-en-la-calle-ardantzeta-me-consta-que-a-peticion-de-un-vecino-recien-llegado-que-tiene-una-hija-menor-con-minusvalia-el-caso-es-qu\/\",\"url\":\"https:\/\/www.berriozar.es\/eu\/estimados-sres-recientemente-han-pintado-una-plaza-de-aparcamiento-en-la-calle-ardantzeta-me-consta-que-a-peticion-de-un-vecino-recien-llegado-que-tiene-una-hija-menor-con-minusvalia-el-caso-es-qu\/\",\"name\":\"Estimados sres: recientemente han pintado una plaza de aparcamiento en la calle Ardantzeta, me consta que a petici\u00f3n de un vecino reci\u00e9n llegado, que tiene una hija menor con minusval\u00eda. El caso es que ya la usa como si fuera plaza particular de garage, a veces lleva a la ni\u00f1a y a veces no. Puede hacer eso? me parece el colmo de la caradura. He de decir que \u00e9l no tiene ninguna minusval\u00eda y est\u00e1 perfectamente (gaztelaniaz) (15\/12\/02) - Ayuntamiento de Berriozar \/ Berriozarko Udala\",\"isPartOf\":{\"@id\":\"https:\/\/www.berriozar.es\/#website\"},\"datePublished\":\"2015-12-15T07:31:59+00:00\",\"dateModified\":\"2022-02-24T11:41:20+00:00\",\"author\":{\"@id\":\"https:\/\/www.berriozar.es\/#\/schema\/person\/873e251c799afa3ad2eed6828e04aef8\"},\"breadcrumb\":{\"@id\":\"https:\/\/www.berriozar.es\/eu\/estimados-sres-recientemente-han-pintado-una-plaza-de-aparcamiento-en-la-calle-ardantzeta-me-consta-que-a-peticion-de-un-vecino-recien-llegado-que-tiene-una-hija-menor-con-minusvalia-el-caso-es-qu\/#breadcrumb\"},\"inLanguage\":\"eu-ES\",\"potentialAction\":[{\"@type\":\"ReadAction\",\"target\":[\"https:\/\/www.berriozar.es\/eu\/estimados-sres-recientemente-han-pintado-una-plaza-de-aparcamiento-en-la-calle-ardantzeta-me-consta-que-a-peticion-de-un-vecino-recien-llegado-que-tiene-una-hija-menor-con-minusvalia-el-caso-es-qu\/\"]}]},{\"@type\":\"BreadcrumbList\",\"@id\":\"https:\/\/www.berriozar.es\/eu\/estimados-sres-recientemente-han-pintado-una-plaza-de-aparcamiento-en-la-calle-ardantzeta-me-consta-que-a-peticion-de-un-vecino-recien-llegado-que-tiene-una-hija-menor-con-minusvalia-el-caso-es-qu\/#breadcrumb\",\"itemListElement\":[{\"@type\":\"ListItem\",\"position\":1,\"name\":\"Portada\",\"item\":\"https:\/\/www.berriozar.es\/\"},{\"@type\":\"ListItem\",\"position\":2,\"name\":\"Estimados sres: recientemente han pintado una plaza de aparcamiento en la calle Ardantzeta, me consta que a petici\u00f3n de un vecino reci\u00e9n llegado, que tiene una hija menor con minusval\u00eda. El caso es que ya la usa como si fuera plaza particular de garage, a veces lleva a la ni\u00f1a y a veces no. Puede hacer eso? me parece el colmo de la caradura. He de decir que \u00e9l no tiene ninguna minusval\u00eda y est\u00e1 perfectamente (gaztelaniaz) (15\/12\/02)\"}]},{\"@type\":\"WebSite\",\"@id\":\"https:\/\/www.berriozar.es\/#website\",\"url\":\"https:\/\/www.berriozar.es\/\",\"name\":\"Ayuntamiento de Berriozar \/ Berriozarko Udala\",\"description\":\"Ayuntamiento de Berriozar \/ Berriozarko Udala\",\"potentialAction\":[{\"@type\":\"SearchAction\",\"target\":{\"@type\":\"EntryPoint\",\"urlTemplate\":\"https:\/\/www.berriozar.es\/?s={search_term_string}\"},\"query-input\":\"required name=search_term_string\"}],\"inLanguage\":\"eu-ES\"},{\"@type\":\"Person\",\"@id\":\"https:\/\/www.berriozar.es\/#\/schema\/person\/873e251c799afa3ad2eed6828e04aef8\",\"name\":\"berriozar\",\"image\":{\"@type\":\"ImageObject\",\"inLanguage\":\"eu-ES\",\"@id\":\"https:\/\/www.berriozar.es\/#\/schema\/person\/image\/\",\"url\":\"https:\/\/secure.gravatar.com\/avatar\/bd724fa56290368b6672f66dab245e72?s=96&d=mm&r=g\",\"contentUrl\":\"https:\/\/secure.gravatar.com\/avatar\/bd724fa56290368b6672f66dab245e72?s=96&d=mm&r=g\",\"caption\":\"berriozar\"},\"url\":\"https:\/\/www.berriozar.es\/eu\/author\/berriozar\/\"}]}<\/script>\r\n<!-- \/ Yoast SEO plugin. -->","yoast_head_json":{"title":"Estimados sres: recientemente han pintado una plaza de aparcamiento en la calle Ardantzeta, me consta que a petici\u00f3n de un vecino reci\u00e9n llegado, que tiene una hija menor con minusval\u00eda. El caso es que ya la usa como si fuera plaza particular de garage, a veces lleva a la ni\u00f1a y a veces no. Puede hacer eso? me parece el colmo de la caradura. He de decir que \u00e9l no tiene ninguna minusval\u00eda y est\u00e1 perfectamente (gaztelaniaz) (15\/12\/02) - Ayuntamiento de Berriozar \/ Berriozarko Udala","robots":{"index":"index","follow":"follow","max-snippet":"max-snippet:-1","max-image-preview":"max-image-preview:large","max-video-preview":"max-video-preview:-1"},"canonical":"https:\/\/www.berriozar.es\/eu\/estimados-sres-recientemente-han-pintado-una-plaza-de-aparcamiento-en-la-calle-ardantzeta-me-consta-que-a-peticion-de-un-vecino-recien-llegado-que-tiene-una-hija-menor-con-minusvalia-el-caso-es-qu\/","og_locale":"eu_ES","og_type":"article","og_title":"Estimados sres: recientemente han pintado una plaza de aparcamiento en la calle Ardantzeta, me consta que a petici\u00f3n de un vecino reci\u00e9n llegado, que tiene una hija menor con minusval\u00eda. El caso es que ya la usa como si fuera plaza particular de garage, a veces lleva a la ni\u00f1a y a veces no. Puede hacer eso? me parece el colmo de la caradura. He de decir que \u00e9l no tiene ninguna minusval\u00eda y est\u00e1 perfectamente (gaztelaniaz) (15\/12\/02) - Ayuntamiento de Berriozar \/ Berriozarko Udala","og_description":"Estimada vecina: En respuesta a tu escrito queremos comentarte que el criterio seguido en el Ayuntamiento de Berriozar para aquellas personas con movilidad reducida que solicitan un aparcamiento, es la de reservar un espacio de aparcamiento lo m\u00e1s cercano posible a su domicilio. Las condiciones para el uso de este aparcamiento especial son: que se [&hellip;]","og_url":"https:\/\/www.berriozar.es\/eu\/estimados-sres-recientemente-han-pintado-una-plaza-de-aparcamiento-en-la-calle-ardantzeta-me-consta-que-a-peticion-de-un-vecino-recien-llegado-que-tiene-una-hija-menor-con-minusvalia-el-caso-es-qu\/","og_site_name":"Ayuntamiento de Berriozar \/ Berriozarko Udala","article_published_time":"2015-12-15T07:31:59+00:00","article_modified_time":"2022-02-24T11:41:20+00:00","author":"berriozar","twitter_card":"summary_large_image","twitter_misc":{"Written by":"berriozar","Est. reading time":"1 minute"},"schema":{"@context":"https:\/\/schema.org","@graph":[{"@type":"WebPage","@id":"https:\/\/www.berriozar.es\/eu\/estimados-sres-recientemente-han-pintado-una-plaza-de-aparcamiento-en-la-calle-ardantzeta-me-consta-que-a-peticion-de-un-vecino-recien-llegado-que-tiene-una-hija-menor-con-minusvalia-el-caso-es-qu\/","url":"https:\/\/www.berriozar.es\/eu\/estimados-sres-recientemente-han-pintado-una-plaza-de-aparcamiento-en-la-calle-ardantzeta-me-consta-que-a-peticion-de-un-vecino-recien-llegado-que-tiene-una-hija-menor-con-minusvalia-el-caso-es-qu\/","name":"Estimados sres: recientemente han pintado una plaza de aparcamiento en la calle Ardantzeta, me consta que a petici\u00f3n de un vecino reci\u00e9n llegado, que tiene una hija menor con minusval\u00eda. El caso es que ya la usa como si fuera plaza particular de garage, a veces lleva a la ni\u00f1a y a veces no. Puede hacer eso? me parece el colmo de la caradura. He de decir que \u00e9l no tiene ninguna minusval\u00eda y est\u00e1 perfectamente (gaztelaniaz) (15\/12\/02) - Ayuntamiento de Berriozar \/ Berriozarko Udala","isPartOf":{"@id":"https:\/\/www.berriozar.es\/#website"},"datePublished":"2015-12-15T07:31:59+00:00","dateModified":"2022-02-24T11:41:20+00:00","author":{"@id":"https:\/\/www.berriozar.es\/#\/schema\/person\/873e251c799afa3ad2eed6828e04aef8"},"breadcrumb":{"@id":"https:\/\/www.berriozar.es\/eu\/estimados-sres-recientemente-han-pintado-una-plaza-de-aparcamiento-en-la-calle-ardantzeta-me-consta-que-a-peticion-de-un-vecino-recien-llegado-que-tiene-una-hija-menor-con-minusvalia-el-caso-es-qu\/#breadcrumb"},"inLanguage":"eu-ES","potentialAction":[{"@type":"ReadAction","target":["https:\/\/www.berriozar.es\/eu\/estimados-sres-recientemente-han-pintado-una-plaza-de-aparcamiento-en-la-calle-ardantzeta-me-consta-que-a-peticion-de-un-vecino-recien-llegado-que-tiene-una-hija-menor-con-minusvalia-el-caso-es-qu\/"]}]},{"@type":"BreadcrumbList","@id":"https:\/\/www.berriozar.es\/eu\/estimados-sres-recientemente-han-pintado-una-plaza-de-aparcamiento-en-la-calle-ardantzeta-me-consta-que-a-peticion-de-un-vecino-recien-llegado-que-tiene-una-hija-menor-con-minusvalia-el-caso-es-qu\/#breadcrumb","itemListElement":[{"@type":"ListItem","position":1,"name":"Portada","item":"https:\/\/www.berriozar.es\/"},{"@type":"ListItem","position":2,"name":"Estimados sres: recientemente han pintado una plaza de aparcamiento en la calle Ardantzeta, me consta que a petici\u00f3n de un vecino reci\u00e9n llegado, que tiene una hija menor con minusval\u00eda. El caso es que ya la usa como si fuera plaza particular de garage, a veces lleva a la ni\u00f1a y a veces no. Puede hacer eso? me parece el colmo de la caradura. He de decir que \u00e9l no tiene ninguna minusval\u00eda y est\u00e1 perfectamente (gaztelaniaz) (15\/12\/02)"}]},{"@type":"WebSite","@id":"https:\/\/www.berriozar.es\/#website","url":"https:\/\/www.berriozar.es\/","name":"Ayuntamiento de Berriozar \/ Berriozarko Udala","description":"Ayuntamiento de Berriozar \/ Berriozarko Udala","potentialAction":[{"@type":"SearchAction","target":{"@type":"EntryPoint","urlTemplate":"https:\/\/www.berriozar.es\/?s={search_term_string}"},"query-input":"required name=search_term_string"}],"inLanguage":"eu-ES"},{"@type":"Person","@id":"https:\/\/www.berriozar.es\/#\/schema\/person\/873e251c799afa3ad2eed6828e04aef8","name":"berriozar","image":{"@type":"ImageObject","inLanguage":"eu-ES","@id":"https:\/\/www.berriozar.es\/#\/schema\/person\/image\/","url":"https:\/\/secure.gravatar.com\/avatar\/bd724fa56290368b6672f66dab245e72?s=96&d=mm&r=g","contentUrl":"https:\/\/secure.gravatar.com\/avatar\/bd724fa56290368b6672f66dab245e72?s=96&d=mm&r=g","caption":"berriozar"},"url":"https:\/\/www.berriozar.es\/eu\/author\/berriozar\/"}]}},"_links":{"self":[{"href":"https:\/\/www.berriozar.es\/eu\/wp-json\/wp\/v2\/posts\/30955"}],"collection":[{"href":"https:\/\/www.berriozar.es\/eu\/wp-json\/wp\/v2\/posts"}],"about":[{"href":"https:\/\/www.berriozar.es\/eu\/wp-json\/wp\/v2\/types\/post"}],"author":[{"embeddable":true,"href":"https:\/\/www.berriozar.es\/eu\/wp-json\/wp\/v2\/users\/36"}],"replies":[{"embeddable":true,"href":"https:\/\/www.berriozar.es\/eu\/wp-json\/wp\/v2\/comments?post=30955"}],"version-history":[{"count":1,"href":"https:\/\/www.berriozar.es\/eu\/wp-json\/wp\/v2\/posts\/30955\/revisions"}],"predecessor-version":[{"id":32789,"href":"https:\/\/www.berriozar.es\/eu\/wp-json\/wp\/v2\/posts\/30955\/revisions\/32789"}],"wp:attachment":[{"href":"https:\/\/www.berriozar.es\/eu\/wp-json\/wp\/v2\/media?parent=30955"}],"wp:term":[{"taxonomy":"category","embeddable":true,"href":"https:\/\/www.berriozar.es\/eu\/wp-json\/wp\/v2\/categories?post=30955"},{"taxonomy":"post_tag","embeddable":true,"href":"https:\/\/www.berriozar.es\/eu\/wp-json\/wp\/v2\/tags?post=30955"}],"curies":[{"name":"wp","href":"https:\/\/api.w.org\/{rel}","templated":true}]}}