{"id":30977,"date":"2015-12-22T12:37:08","date_gmt":"2015-12-22T11:37:08","guid":{"rendered":"http:\/\/www.berriozar.es\/no-es-la-primera-vez-que-escribo-por-el-mismo-motivo-y-aunque-veo-que-no-sirve-de-nada-no-voy-a-dejar-de-hacerlo-es-mi-unica-manera-de-poder-quejarme-de-nuevo-otra-fiesta-en-la-plaza-euskal-herria\/"},"modified":"2022-02-24T12:41:19","modified_gmt":"2022-02-24T11:41:19","slug":"no-es-la-primera-vez-que-escribo-por-el-mismo-motivo-y-aunque-veo-que-no-sirve-de-nada-no-voy-a-dejar-de-hacerlo-es-mi-unica-manera-de-poder-quejarme-de-nuevo-otra-fiesta-en-la-plaza-euskal-herria","status":"publish","type":"post","link":"https:\/\/www.berriozar.es\/eu\/no-es-la-primera-vez-que-escribo-por-el-mismo-motivo-y-aunque-veo-que-no-sirve-de-nada-no-voy-a-dejar-de-hacerlo-es-mi-unica-manera-de-poder-quejarme-de-nuevo-otra-fiesta-en-la-plaza-euskal-herria\/","title":{"rendered":"No es la primera vez que escribo por el mismo motivo, y aunque veo que no sirve de nada no voy a dejar de hacerlo. Es mi \u00fanica manera de poder quejarme. De nuevo otra fiesta en la plaza Euskal Herria, en esta ocasi\u00f3n de los j\u00f3venes del Gaztetxe de Berriozar. Esta vez con m\u00fasica a tope desde las 19:00 horas probando instrumentos, a las 21:30 empezaron los conciertos y acabaron a las 4:15 de la ma\u00f1ana. 9 horas ininterrumpidas retumbando la casa y sin poder descansar ni siquiera ver la tele, porque era imposible. A la 1:15 de la ma\u00f1ana habl\u00e9 con la polic\u00eda municipal para saber hasta qu\u00e9 hora pod\u00edan estar, y para mi sorpresa me cuentan que hasta las 4 de la ma\u00f1ana!!! Me reconocieron bastantes quejas de vecinos pero que ellos no pod\u00edan hacer nada porque ten\u00edan una circular de la alcald\u00eda con permiso hasta las 4 de la ma\u00f1ana. Entend\u00edan el malestar pero ellos estaban atados de pies y manos y ten\u00edan que acatar la orden. C\u00f3mo se nota que nadie de la alcald\u00eda vive e n esta plaza!! Porque sinceramente esto no hay quien lo aguante.  No me explico c\u00f3mo se deja hacer un concierto de m\u00e1s de 9 horas en una carpa para nada insonorizada, adem\u00e1s de servir cerveza a esos j\u00f3venes como en la propia cuenta de twitter del Gaztetxe se hac\u00eda ver con foto inclu\u00edda. En serio que no lo entiendo. Un concierto de estas caracter\u00edsticas se debe hacer en un sitio preparado para ello y sobre todo donde no moleste a tal cantidad de vecinos (por favor pregunte sobre las quejas en la polic\u00eda municipal) En otras ocasiones que he escrito para quejarme me contestan que estos eventos son buenos para los bares y restaurantes del pueblo, pues bien, en esta ocasi\u00f3n ni siquiera me vale eso, porque ellos mismos se cocinaron su comida y cena en el interior de la carpa\u2026 S\u00f3lo espero que lo entiendan y que cosas como esta se hagan en sitios habilitados para ello. Gracias (gaztelaniaz) (15\/12\/18)"},"content":{"rendered":"<p>En relaci\u00f3n a su queja por las molestias que le caus\u00f3 el desarrollo de unas actividades en la plaza Euskal Herria quer\u00eda trasladarle unas consideraciones. En primer lugar que somos conscientes de que este tipo de actividades generan molestias en las zonas en las que se realizan y es por ello que se realizan de forma excepcional y no son siempre en los mismos sitios. Los espacios utilizados para este tipo de actividades son la citada plaza, la plaza Eguzki, La pista Ilargi, el front\u00f3n del polideportivo y en ocasiones tambi\u00e9n se han utilizado las plazas de Donantes y Bizkargain. Todos ellos, tienen vecindario en las proximidades.<\/p>\n<p>Consideramos un elemento positivo que las entidades y colectivos de Berriozar desarrollen actividades de tipo cultural y social y que lo hagan utilizando un espacio que es de todas y todos como es la calle. Creemos que es algo que aporta m\u00e1s en positivo que en negativo al conjunto del pueblo, incluidas las actividades que se desarrollan en horario nocturno. Eso si, se desarrollan con limitaciones porque est\u00e1 claro que afectan a vecinos y vecinas y nunca llueve a gusto de todos. Para ello se utilizan diferentes espacios y lo cierto es que al cabo del a\u00f1o son relativamente son pocas las actividades de este tipo. No ser\u00eda justo decir que se hacen cada dos por tres.<\/p>\n<p>En el caso que nos ocupa tambi\u00e9n se cambi\u00f3 la orientaci\u00f3n del escenario para proyectar el sonido hacia la zona con menos afectaci\u00f3n para tratar de minimizar, en la medida de lo posible las molestias.<\/p>\n<p>En definitiva se trata de conciliar el derecho al descanso de los y las vecinas con el derecho que tambi\u00e9n existe a hacer uso de los espacios p\u00fablicos para el desarrollo de actividades comunitarias de inter\u00e9s social, juvenil o cultural. No es nada f\u00e1cil, y seguiremos tratando de hacerlo de la forma m\u00e1s racional y justa posible pero sabiendo que nunca se podr\u00e1 contentar a todos y todas. Como he dicho antes somos perfectamente conscientes de las molestias que se producen, entre otras cosas porque quien suscribe tambi\u00e9n vive en una de estas zonas, y entiendo perfectamente el motivo de su queja.<\/p>\n<p>Le animo a que siga traslad\u00e1ndonos sus quejas y aportaciones por esta v\u00eda y le pedimos disculpas por las molestias.<\/p>\n<p>Alfonso Arnesto<\/p>\n<p>Kultura, Kirola eta Gazteriako zinegotzia<\/p>\n","protected":false},"excerpt":{"rendered":"<p>En relaci\u00f3n a su queja por las molestias que le caus\u00f3 el desarrollo de unas actividades en la plaza Euskal Herria quer\u00eda trasladarle unas consideraciones. En primer lugar que somos conscientes de que este tipo de actividades generan molestias en las zonas en las que se realizan y es por ello que se realizan de [&hellip;]<\/p>\n","protected":false},"author":36,"featured_media":0,"comment_status":"closed","ping_status":"closed","sticky":false,"template":"","format":"standard","meta":{"_exactmetrics_skip_tracking":false,"_exactmetrics_sitenote_active":false,"_exactmetrics_sitenote_note":"","_exactmetrics_sitenote_category":0,"footnotes":""},"categories":[188],"tags":[],"yoast_head":"<!-- This site is optimized with the Yoast SEO plugin v22.8 - https:\/\/yoast.com\/wordpress\/plugins\/seo\/ -->\r\n<title>No es la primera vez que escribo por el mismo motivo, y aunque veo que no sirve de nada no voy a dejar de hacerlo. Es mi \u00fanica manera de poder quejarme. De nuevo otra fiesta en la plaza Euskal Herria, en esta ocasi\u00f3n de los j\u00f3venes del Gaztetxe de Berriozar. Esta vez con m\u00fasica a tope desde las 19:00 horas probando instrumentos, a las 21:30 empezaron los conciertos y acabaron a las 4:15 de la ma\u00f1ana. 9 horas ininterrumpidas retumbando la casa y sin poder descansar ni siquiera ver la tele, porque era imposible. A la 1:15 de la ma\u00f1ana habl\u00e9 con la polic\u00eda municipal para saber hasta qu\u00e9 hora pod\u00edan estar, y para mi sorpresa me cuentan que hasta las 4 de la ma\u00f1ana!!! Me reconocieron bastantes quejas de vecinos pero que ellos no pod\u00edan hacer nada porque ten\u00edan una circular de la alcald\u00eda con permiso hasta las 4 de la ma\u00f1ana. Entend\u00edan el malestar pero ellos estaban atados de pies y manos y ten\u00edan que acatar la orden. C\u00f3mo se nota que nadie de la alcald\u00eda vive e n esta plaza!! Porque sinceramente esto no hay quien lo aguante. No me explico c\u00f3mo se deja hacer un concierto de m\u00e1s de 9 horas en una carpa para nada insonorizada, adem\u00e1s de servir cerveza a esos j\u00f3venes como en la propia cuenta de twitter del Gaztetxe se hac\u00eda ver con foto inclu\u00edda. En serio que no lo entiendo. Un concierto de estas caracter\u00edsticas se debe hacer en un sitio preparado para ello y sobre todo donde no moleste a tal cantidad de vecinos (por favor pregunte sobre las quejas en la polic\u00eda municipal) En otras ocasiones que he escrito para quejarme me contestan que estos eventos son buenos para los bares y restaurantes del pueblo, pues bien, en esta ocasi\u00f3n ni siquiera me vale eso, porque ellos mismos se cocinaron su comida y cena en el interior de la carpa\u2026 S\u00f3lo espero que lo entiendan y que cosas como esta se hagan en sitios habilitados para ello. Gracias (gaztelaniaz) (15\/12\/18) - Ayuntamiento de Berriozar \/ Berriozarko Udala<\/title>\r\n<meta name=\"robots\" content=\"index, follow, max-snippet:-1, max-image-preview:large, max-video-preview:-1\" \/>\r\n<link rel=\"canonical\" href=\"https:\/\/www.berriozar.es\/eu\/no-es-la-primera-vez-que-escribo-por-el-mismo-motivo-y-aunque-veo-que-no-sirve-de-nada-no-voy-a-dejar-de-hacerlo-es-mi-unica-manera-de-poder-quejarme-de-nuevo-otra-fiesta-en-la-plaza-euskal-herria\/\" \/>\r\n<meta property=\"og:locale\" content=\"eu_ES\" \/>\r\n<meta property=\"og:type\" content=\"article\" \/>\r\n<meta property=\"og:title\" content=\"No es la primera vez que escribo por el mismo motivo, y aunque veo que no sirve de nada no voy a dejar de hacerlo. Es mi \u00fanica manera de poder quejarme. De nuevo otra fiesta en la plaza Euskal Herria, en esta ocasi\u00f3n de los j\u00f3venes del Gaztetxe de Berriozar. Esta vez con m\u00fasica a tope desde las 19:00 horas probando instrumentos, a las 21:30 empezaron los conciertos y acabaron a las 4:15 de la ma\u00f1ana. 9 horas ininterrumpidas retumbando la casa y sin poder descansar ni siquiera ver la tele, porque era imposible. A la 1:15 de la ma\u00f1ana habl\u00e9 con la polic\u00eda municipal para saber hasta qu\u00e9 hora pod\u00edan estar, y para mi sorpresa me cuentan que hasta las 4 de la ma\u00f1ana!!! Me reconocieron bastantes quejas de vecinos pero que ellos no pod\u00edan hacer nada porque ten\u00edan una circular de la alcald\u00eda con permiso hasta las 4 de la ma\u00f1ana. Entend\u00edan el malestar pero ellos estaban atados de pies y manos y ten\u00edan que acatar la orden. C\u00f3mo se nota que nadie de la alcald\u00eda vive e n esta plaza!! Porque sinceramente esto no hay quien lo aguante. No me explico c\u00f3mo se deja hacer un concierto de m\u00e1s de 9 horas en una carpa para nada insonorizada, adem\u00e1s de servir cerveza a esos j\u00f3venes como en la propia cuenta de twitter del Gaztetxe se hac\u00eda ver con foto inclu\u00edda. En serio que no lo entiendo. Un concierto de estas caracter\u00edsticas se debe hacer en un sitio preparado para ello y sobre todo donde no moleste a tal cantidad de vecinos (por favor pregunte sobre las quejas en la polic\u00eda municipal) En otras ocasiones que he escrito para quejarme me contestan que estos eventos son buenos para los bares y restaurantes del pueblo, pues bien, en esta ocasi\u00f3n ni siquiera me vale eso, porque ellos mismos se cocinaron su comida y cena en el interior de la carpa\u2026 S\u00f3lo espero que lo entiendan y que cosas como esta se hagan en sitios habilitados para ello. Gracias (gaztelaniaz) (15\/12\/18) - Ayuntamiento de Berriozar \/ Berriozarko Udala\" \/>\r\n<meta property=\"og:description\" content=\"En relaci\u00f3n a su queja por las molestias que le caus\u00f3 el desarrollo de unas actividades en la plaza Euskal Herria quer\u00eda trasladarle unas consideraciones. En primer lugar que somos conscientes de que este tipo de actividades generan molestias en las zonas en las que se realizan y es por ello que se realizan de [&hellip;]\" \/>\r\n<meta property=\"og:url\" content=\"https:\/\/www.berriozar.es\/eu\/no-es-la-primera-vez-que-escribo-por-el-mismo-motivo-y-aunque-veo-que-no-sirve-de-nada-no-voy-a-dejar-de-hacerlo-es-mi-unica-manera-de-poder-quejarme-de-nuevo-otra-fiesta-en-la-plaza-euskal-herria\/\" \/>\r\n<meta property=\"og:site_name\" content=\"Ayuntamiento de Berriozar \/ Berriozarko Udala\" \/>\r\n<meta property=\"article:published_time\" content=\"2015-12-22T11:37:08+00:00\" \/>\r\n<meta property=\"article:modified_time\" content=\"2022-02-24T11:41:19+00:00\" \/>\r\n<meta name=\"author\" content=\"berriozar\" \/>\r\n<meta name=\"twitter:card\" content=\"summary_large_image\" \/>\r\n<meta name=\"twitter:label1\" content=\"Written by\" \/>\n\t<meta name=\"twitter:data1\" content=\"berriozar\" \/>\n\t<meta name=\"twitter:label2\" content=\"Est. reading time\" \/>\n\t<meta name=\"twitter:data2\" content=\"2 minutes\" \/>\r\n<script type=\"application\/ld+json\" class=\"yoast-schema-graph\">{\"@context\":\"https:\/\/schema.org\",\"@graph\":[{\"@type\":\"WebPage\",\"@id\":\"https:\/\/www.berriozar.es\/eu\/no-es-la-primera-vez-que-escribo-por-el-mismo-motivo-y-aunque-veo-que-no-sirve-de-nada-no-voy-a-dejar-de-hacerlo-es-mi-unica-manera-de-poder-quejarme-de-nuevo-otra-fiesta-en-la-plaza-euskal-herria\/\",\"url\":\"https:\/\/www.berriozar.es\/eu\/no-es-la-primera-vez-que-escribo-por-el-mismo-motivo-y-aunque-veo-que-no-sirve-de-nada-no-voy-a-dejar-de-hacerlo-es-mi-unica-manera-de-poder-quejarme-de-nuevo-otra-fiesta-en-la-plaza-euskal-herria\/\",\"name\":\"No es la primera vez que escribo por el mismo motivo, y aunque veo que no sirve de nada no voy a dejar de hacerlo. Es mi \u00fanica manera de poder quejarme. De nuevo otra fiesta en la plaza Euskal Herria, en esta ocasi\u00f3n de los j\u00f3venes del Gaztetxe de Berriozar. Esta vez con m\u00fasica a tope desde las 19:00 horas probando instrumentos, a las 21:30 empezaron los conciertos y acabaron a las 4:15 de la ma\u00f1ana. 9 horas ininterrumpidas retumbando la casa y sin poder descansar ni siquiera ver la tele, porque era imposible. A la 1:15 de la ma\u00f1ana habl\u00e9 con la polic\u00eda municipal para saber hasta qu\u00e9 hora pod\u00edan estar, y para mi sorpresa me cuentan que hasta las 4 de la ma\u00f1ana!!! Me reconocieron bastantes quejas de vecinos pero que ellos no pod\u00edan hacer nada porque ten\u00edan una circular de la alcald\u00eda con permiso hasta las 4 de la ma\u00f1ana. Entend\u00edan el malestar pero ellos estaban atados de pies y manos y ten\u00edan que acatar la orden. C\u00f3mo se nota que nadie de la alcald\u00eda vive e n esta plaza!! Porque sinceramente esto no hay quien lo aguante. No me explico c\u00f3mo se deja hacer un concierto de m\u00e1s de 9 horas en una carpa para nada insonorizada, adem\u00e1s de servir cerveza a esos j\u00f3venes como en la propia cuenta de twitter del Gaztetxe se hac\u00eda ver con foto inclu\u00edda. En serio que no lo entiendo. Un concierto de estas caracter\u00edsticas se debe hacer en un sitio preparado para ello y sobre todo donde no moleste a tal cantidad de vecinos (por favor pregunte sobre las quejas en la polic\u00eda municipal) En otras ocasiones que he escrito para quejarme me contestan que estos eventos son buenos para los bares y restaurantes del pueblo, pues bien, en esta ocasi\u00f3n ni siquiera me vale eso, porque ellos mismos se cocinaron su comida y cena en el interior de la carpa\u2026 S\u00f3lo espero que lo entiendan y que cosas como esta se hagan en sitios habilitados para ello. Gracias (gaztelaniaz) (15\/12\/18) - Ayuntamiento de Berriozar \/ Berriozarko Udala\",\"isPartOf\":{\"@id\":\"https:\/\/www.berriozar.es\/#website\"},\"datePublished\":\"2015-12-22T11:37:08+00:00\",\"dateModified\":\"2022-02-24T11:41:19+00:00\",\"author\":{\"@id\":\"https:\/\/www.berriozar.es\/#\/schema\/person\/873e251c799afa3ad2eed6828e04aef8\"},\"breadcrumb\":{\"@id\":\"https:\/\/www.berriozar.es\/eu\/no-es-la-primera-vez-que-escribo-por-el-mismo-motivo-y-aunque-veo-que-no-sirve-de-nada-no-voy-a-dejar-de-hacerlo-es-mi-unica-manera-de-poder-quejarme-de-nuevo-otra-fiesta-en-la-plaza-euskal-herria\/#breadcrumb\"},\"inLanguage\":\"eu-ES\",\"potentialAction\":[{\"@type\":\"ReadAction\",\"target\":[\"https:\/\/www.berriozar.es\/eu\/no-es-la-primera-vez-que-escribo-por-el-mismo-motivo-y-aunque-veo-que-no-sirve-de-nada-no-voy-a-dejar-de-hacerlo-es-mi-unica-manera-de-poder-quejarme-de-nuevo-otra-fiesta-en-la-plaza-euskal-herria\/\"]}]},{\"@type\":\"BreadcrumbList\",\"@id\":\"https:\/\/www.berriozar.es\/eu\/no-es-la-primera-vez-que-escribo-por-el-mismo-motivo-y-aunque-veo-que-no-sirve-de-nada-no-voy-a-dejar-de-hacerlo-es-mi-unica-manera-de-poder-quejarme-de-nuevo-otra-fiesta-en-la-plaza-euskal-herria\/#breadcrumb\",\"itemListElement\":[{\"@type\":\"ListItem\",\"position\":1,\"name\":\"Portada\",\"item\":\"https:\/\/www.berriozar.es\/\"},{\"@type\":\"ListItem\",\"position\":2,\"name\":\"No es la primera vez que escribo por el mismo motivo, y aunque veo que no sirve de nada no voy a dejar de hacerlo. Es mi \u00fanica manera de poder quejarme. De nuevo otra fiesta en la plaza Euskal Herria, en esta ocasi\u00f3n de los j\u00f3venes del Gaztetxe de Berriozar. Esta vez con m\u00fasica a tope desde las 19:00 horas probando instrumentos, a las 21:30 empezaron los conciertos y acabaron a las 4:15 de la ma\u00f1ana. 9 horas ininterrumpidas retumbando la casa y sin poder descansar ni siquiera ver la tele, porque era imposible. A la 1:15 de la ma\u00f1ana habl\u00e9 con la polic\u00eda municipal para saber hasta qu\u00e9 hora pod\u00edan estar, y para mi sorpresa me cuentan que hasta las 4 de la ma\u00f1ana!!! Me reconocieron bastantes quejas de vecinos pero que ellos no pod\u00edan hacer nada porque ten\u00edan una circular de la alcald\u00eda con permiso hasta las 4 de la ma\u00f1ana. Entend\u00edan el malestar pero ellos estaban atados de pies y manos y ten\u00edan que acatar la orden. C\u00f3mo se nota que nadie de la alcald\u00eda vive e n esta plaza!! Porque sinceramente esto no hay quien lo aguante. No me explico c\u00f3mo se deja hacer un concierto de m\u00e1s de 9 horas en una carpa para nada insonorizada, adem\u00e1s de servir cerveza a esos j\u00f3venes como en la propia cuenta de twitter del Gaztetxe se hac\u00eda ver con foto inclu\u00edda. En serio que no lo entiendo. Un concierto de estas caracter\u00edsticas se debe hacer en un sitio preparado para ello y sobre todo donde no moleste a tal cantidad de vecinos (por favor pregunte sobre las quejas en la polic\u00eda municipal) En otras ocasiones que he escrito para quejarme me contestan que estos eventos son buenos para los bares y restaurantes del pueblo, pues bien, en esta ocasi\u00f3n ni siquiera me vale eso, porque ellos mismos se cocinaron su comida y cena en el interior de la carpa\u2026 S\u00f3lo espero que lo entiendan y que cosas como esta se hagan en sitios habilitados para ello. Gracias (gaztelaniaz) (15\/12\/18)\"}]},{\"@type\":\"WebSite\",\"@id\":\"https:\/\/www.berriozar.es\/#website\",\"url\":\"https:\/\/www.berriozar.es\/\",\"name\":\"Ayuntamiento de Berriozar \/ Berriozarko Udala\",\"description\":\"Ayuntamiento de Berriozar \/ Berriozarko Udala\",\"potentialAction\":[{\"@type\":\"SearchAction\",\"target\":{\"@type\":\"EntryPoint\",\"urlTemplate\":\"https:\/\/www.berriozar.es\/?s={search_term_string}\"},\"query-input\":\"required name=search_term_string\"}],\"inLanguage\":\"eu-ES\"},{\"@type\":\"Person\",\"@id\":\"https:\/\/www.berriozar.es\/#\/schema\/person\/873e251c799afa3ad2eed6828e04aef8\",\"name\":\"berriozar\",\"image\":{\"@type\":\"ImageObject\",\"inLanguage\":\"eu-ES\",\"@id\":\"https:\/\/www.berriozar.es\/#\/schema\/person\/image\/\",\"url\":\"https:\/\/secure.gravatar.com\/avatar\/bd724fa56290368b6672f66dab245e72?s=96&d=mm&r=g\",\"contentUrl\":\"https:\/\/secure.gravatar.com\/avatar\/bd724fa56290368b6672f66dab245e72?s=96&d=mm&r=g\",\"caption\":\"berriozar\"},\"url\":\"https:\/\/www.berriozar.es\/eu\/author\/berriozar\/\"}]}<\/script>\r\n<!-- \/ Yoast SEO plugin. -->","yoast_head_json":{"title":"No es la primera vez que escribo por el mismo motivo, y aunque veo que no sirve de nada no voy a dejar de hacerlo. Es mi \u00fanica manera de poder quejarme. De nuevo otra fiesta en la plaza Euskal Herria, en esta ocasi\u00f3n de los j\u00f3venes del Gaztetxe de Berriozar. Esta vez con m\u00fasica a tope desde las 19:00 horas probando instrumentos, a las 21:30 empezaron los conciertos y acabaron a las 4:15 de la ma\u00f1ana. 9 horas ininterrumpidas retumbando la casa y sin poder descansar ni siquiera ver la tele, porque era imposible. A la 1:15 de la ma\u00f1ana habl\u00e9 con la polic\u00eda municipal para saber hasta qu\u00e9 hora pod\u00edan estar, y para mi sorpresa me cuentan que hasta las 4 de la ma\u00f1ana!!! Me reconocieron bastantes quejas de vecinos pero que ellos no pod\u00edan hacer nada porque ten\u00edan una circular de la alcald\u00eda con permiso hasta las 4 de la ma\u00f1ana. Entend\u00edan el malestar pero ellos estaban atados de pies y manos y ten\u00edan que acatar la orden. C\u00f3mo se nota que nadie de la alcald\u00eda vive e n esta plaza!! Porque sinceramente esto no hay quien lo aguante. No me explico c\u00f3mo se deja hacer un concierto de m\u00e1s de 9 horas en una carpa para nada insonorizada, adem\u00e1s de servir cerveza a esos j\u00f3venes como en la propia cuenta de twitter del Gaztetxe se hac\u00eda ver con foto inclu\u00edda. En serio que no lo entiendo. Un concierto de estas caracter\u00edsticas se debe hacer en un sitio preparado para ello y sobre todo donde no moleste a tal cantidad de vecinos (por favor pregunte sobre las quejas en la polic\u00eda municipal) En otras ocasiones que he escrito para quejarme me contestan que estos eventos son buenos para los bares y restaurantes del pueblo, pues bien, en esta ocasi\u00f3n ni siquiera me vale eso, porque ellos mismos se cocinaron su comida y cena en el interior de la carpa\u2026 S\u00f3lo espero que lo entiendan y que cosas como esta se hagan en sitios habilitados para ello. Gracias (gaztelaniaz) (15\/12\/18) - Ayuntamiento de Berriozar \/ Berriozarko Udala","robots":{"index":"index","follow":"follow","max-snippet":"max-snippet:-1","max-image-preview":"max-image-preview:large","max-video-preview":"max-video-preview:-1"},"canonical":"https:\/\/www.berriozar.es\/eu\/no-es-la-primera-vez-que-escribo-por-el-mismo-motivo-y-aunque-veo-que-no-sirve-de-nada-no-voy-a-dejar-de-hacerlo-es-mi-unica-manera-de-poder-quejarme-de-nuevo-otra-fiesta-en-la-plaza-euskal-herria\/","og_locale":"eu_ES","og_type":"article","og_title":"No es la primera vez que escribo por el mismo motivo, y aunque veo que no sirve de nada no voy a dejar de hacerlo. Es mi \u00fanica manera de poder quejarme. De nuevo otra fiesta en la plaza Euskal Herria, en esta ocasi\u00f3n de los j\u00f3venes del Gaztetxe de Berriozar. Esta vez con m\u00fasica a tope desde las 19:00 horas probando instrumentos, a las 21:30 empezaron los conciertos y acabaron a las 4:15 de la ma\u00f1ana. 9 horas ininterrumpidas retumbando la casa y sin poder descansar ni siquiera ver la tele, porque era imposible. A la 1:15 de la ma\u00f1ana habl\u00e9 con la polic\u00eda municipal para saber hasta qu\u00e9 hora pod\u00edan estar, y para mi sorpresa me cuentan que hasta las 4 de la ma\u00f1ana!!! Me reconocieron bastantes quejas de vecinos pero que ellos no pod\u00edan hacer nada porque ten\u00edan una circular de la alcald\u00eda con permiso hasta las 4 de la ma\u00f1ana. Entend\u00edan el malestar pero ellos estaban atados de pies y manos y ten\u00edan que acatar la orden. C\u00f3mo se nota que nadie de la alcald\u00eda vive e n esta plaza!! Porque sinceramente esto no hay quien lo aguante. No me explico c\u00f3mo se deja hacer un concierto de m\u00e1s de 9 horas en una carpa para nada insonorizada, adem\u00e1s de servir cerveza a esos j\u00f3venes como en la propia cuenta de twitter del Gaztetxe se hac\u00eda ver con foto inclu\u00edda. En serio que no lo entiendo. Un concierto de estas caracter\u00edsticas se debe hacer en un sitio preparado para ello y sobre todo donde no moleste a tal cantidad de vecinos (por favor pregunte sobre las quejas en la polic\u00eda municipal) En otras ocasiones que he escrito para quejarme me contestan que estos eventos son buenos para los bares y restaurantes del pueblo, pues bien, en esta ocasi\u00f3n ni siquiera me vale eso, porque ellos mismos se cocinaron su comida y cena en el interior de la carpa\u2026 S\u00f3lo espero que lo entiendan y que cosas como esta se hagan en sitios habilitados para ello. Gracias (gaztelaniaz) (15\/12\/18) - Ayuntamiento de Berriozar \/ Berriozarko Udala","og_description":"En relaci\u00f3n a su queja por las molestias que le caus\u00f3 el desarrollo de unas actividades en la plaza Euskal Herria quer\u00eda trasladarle unas consideraciones. En primer lugar que somos conscientes de que este tipo de actividades generan molestias en las zonas en las que se realizan y es por ello que se realizan de [&hellip;]","og_url":"https:\/\/www.berriozar.es\/eu\/no-es-la-primera-vez-que-escribo-por-el-mismo-motivo-y-aunque-veo-que-no-sirve-de-nada-no-voy-a-dejar-de-hacerlo-es-mi-unica-manera-de-poder-quejarme-de-nuevo-otra-fiesta-en-la-plaza-euskal-herria\/","og_site_name":"Ayuntamiento de Berriozar \/ Berriozarko Udala","article_published_time":"2015-12-22T11:37:08+00:00","article_modified_time":"2022-02-24T11:41:19+00:00","author":"berriozar","twitter_card":"summary_large_image","twitter_misc":{"Written by":"berriozar","Est. reading time":"2 minutes"},"schema":{"@context":"https:\/\/schema.org","@graph":[{"@type":"WebPage","@id":"https:\/\/www.berriozar.es\/eu\/no-es-la-primera-vez-que-escribo-por-el-mismo-motivo-y-aunque-veo-que-no-sirve-de-nada-no-voy-a-dejar-de-hacerlo-es-mi-unica-manera-de-poder-quejarme-de-nuevo-otra-fiesta-en-la-plaza-euskal-herria\/","url":"https:\/\/www.berriozar.es\/eu\/no-es-la-primera-vez-que-escribo-por-el-mismo-motivo-y-aunque-veo-que-no-sirve-de-nada-no-voy-a-dejar-de-hacerlo-es-mi-unica-manera-de-poder-quejarme-de-nuevo-otra-fiesta-en-la-plaza-euskal-herria\/","name":"No es la primera vez que escribo por el mismo motivo, y aunque veo que no sirve de nada no voy a dejar de hacerlo. Es mi \u00fanica manera de poder quejarme. De nuevo otra fiesta en la plaza Euskal Herria, en esta ocasi\u00f3n de los j\u00f3venes del Gaztetxe de Berriozar. Esta vez con m\u00fasica a tope desde las 19:00 horas probando instrumentos, a las 21:30 empezaron los conciertos y acabaron a las 4:15 de la ma\u00f1ana. 9 horas ininterrumpidas retumbando la casa y sin poder descansar ni siquiera ver la tele, porque era imposible. A la 1:15 de la ma\u00f1ana habl\u00e9 con la polic\u00eda municipal para saber hasta qu\u00e9 hora pod\u00edan estar, y para mi sorpresa me cuentan que hasta las 4 de la ma\u00f1ana!!! Me reconocieron bastantes quejas de vecinos pero que ellos no pod\u00edan hacer nada porque ten\u00edan una circular de la alcald\u00eda con permiso hasta las 4 de la ma\u00f1ana. Entend\u00edan el malestar pero ellos estaban atados de pies y manos y ten\u00edan que acatar la orden. C\u00f3mo se nota que nadie de la alcald\u00eda vive e n esta plaza!! Porque sinceramente esto no hay quien lo aguante. No me explico c\u00f3mo se deja hacer un concierto de m\u00e1s de 9 horas en una carpa para nada insonorizada, adem\u00e1s de servir cerveza a esos j\u00f3venes como en la propia cuenta de twitter del Gaztetxe se hac\u00eda ver con foto inclu\u00edda. En serio que no lo entiendo. Un concierto de estas caracter\u00edsticas se debe hacer en un sitio preparado para ello y sobre todo donde no moleste a tal cantidad de vecinos (por favor pregunte sobre las quejas en la polic\u00eda municipal) En otras ocasiones que he escrito para quejarme me contestan que estos eventos son buenos para los bares y restaurantes del pueblo, pues bien, en esta ocasi\u00f3n ni siquiera me vale eso, porque ellos mismos se cocinaron su comida y cena en el interior de la carpa\u2026 S\u00f3lo espero que lo entiendan y que cosas como esta se hagan en sitios habilitados para ello. Gracias (gaztelaniaz) (15\/12\/18) - Ayuntamiento de Berriozar \/ Berriozarko Udala","isPartOf":{"@id":"https:\/\/www.berriozar.es\/#website"},"datePublished":"2015-12-22T11:37:08+00:00","dateModified":"2022-02-24T11:41:19+00:00","author":{"@id":"https:\/\/www.berriozar.es\/#\/schema\/person\/873e251c799afa3ad2eed6828e04aef8"},"breadcrumb":{"@id":"https:\/\/www.berriozar.es\/eu\/no-es-la-primera-vez-que-escribo-por-el-mismo-motivo-y-aunque-veo-que-no-sirve-de-nada-no-voy-a-dejar-de-hacerlo-es-mi-unica-manera-de-poder-quejarme-de-nuevo-otra-fiesta-en-la-plaza-euskal-herria\/#breadcrumb"},"inLanguage":"eu-ES","potentialAction":[{"@type":"ReadAction","target":["https:\/\/www.berriozar.es\/eu\/no-es-la-primera-vez-que-escribo-por-el-mismo-motivo-y-aunque-veo-que-no-sirve-de-nada-no-voy-a-dejar-de-hacerlo-es-mi-unica-manera-de-poder-quejarme-de-nuevo-otra-fiesta-en-la-plaza-euskal-herria\/"]}]},{"@type":"BreadcrumbList","@id":"https:\/\/www.berriozar.es\/eu\/no-es-la-primera-vez-que-escribo-por-el-mismo-motivo-y-aunque-veo-que-no-sirve-de-nada-no-voy-a-dejar-de-hacerlo-es-mi-unica-manera-de-poder-quejarme-de-nuevo-otra-fiesta-en-la-plaza-euskal-herria\/#breadcrumb","itemListElement":[{"@type":"ListItem","position":1,"name":"Portada","item":"https:\/\/www.berriozar.es\/"},{"@type":"ListItem","position":2,"name":"No es la primera vez que escribo por el mismo motivo, y aunque veo que no sirve de nada no voy a dejar de hacerlo. Es mi \u00fanica manera de poder quejarme. De nuevo otra fiesta en la plaza Euskal Herria, en esta ocasi\u00f3n de los j\u00f3venes del Gaztetxe de Berriozar. Esta vez con m\u00fasica a tope desde las 19:00 horas probando instrumentos, a las 21:30 empezaron los conciertos y acabaron a las 4:15 de la ma\u00f1ana. 9 horas ininterrumpidas retumbando la casa y sin poder descansar ni siquiera ver la tele, porque era imposible. A la 1:15 de la ma\u00f1ana habl\u00e9 con la polic\u00eda municipal para saber hasta qu\u00e9 hora pod\u00edan estar, y para mi sorpresa me cuentan que hasta las 4 de la ma\u00f1ana!!! Me reconocieron bastantes quejas de vecinos pero que ellos no pod\u00edan hacer nada porque ten\u00edan una circular de la alcald\u00eda con permiso hasta las 4 de la ma\u00f1ana. Entend\u00edan el malestar pero ellos estaban atados de pies y manos y ten\u00edan que acatar la orden. C\u00f3mo se nota que nadie de la alcald\u00eda vive e n esta plaza!! Porque sinceramente esto no hay quien lo aguante. No me explico c\u00f3mo se deja hacer un concierto de m\u00e1s de 9 horas en una carpa para nada insonorizada, adem\u00e1s de servir cerveza a esos j\u00f3venes como en la propia cuenta de twitter del Gaztetxe se hac\u00eda ver con foto inclu\u00edda. En serio que no lo entiendo. Un concierto de estas caracter\u00edsticas se debe hacer en un sitio preparado para ello y sobre todo donde no moleste a tal cantidad de vecinos (por favor pregunte sobre las quejas en la polic\u00eda municipal) En otras ocasiones que he escrito para quejarme me contestan que estos eventos son buenos para los bares y restaurantes del pueblo, pues bien, en esta ocasi\u00f3n ni siquiera me vale eso, porque ellos mismos se cocinaron su comida y cena en el interior de la carpa\u2026 S\u00f3lo espero que lo entiendan y que cosas como esta se hagan en sitios habilitados para ello. Gracias (gaztelaniaz) (15\/12\/18)"}]},{"@type":"WebSite","@id":"https:\/\/www.berriozar.es\/#website","url":"https:\/\/www.berriozar.es\/","name":"Ayuntamiento de Berriozar \/ Berriozarko Udala","description":"Ayuntamiento de Berriozar \/ Berriozarko Udala","potentialAction":[{"@type":"SearchAction","target":{"@type":"EntryPoint","urlTemplate":"https:\/\/www.berriozar.es\/?s={search_term_string}"},"query-input":"required name=search_term_string"}],"inLanguage":"eu-ES"},{"@type":"Person","@id":"https:\/\/www.berriozar.es\/#\/schema\/person\/873e251c799afa3ad2eed6828e04aef8","name":"berriozar","image":{"@type":"ImageObject","inLanguage":"eu-ES","@id":"https:\/\/www.berriozar.es\/#\/schema\/person\/image\/","url":"https:\/\/secure.gravatar.com\/avatar\/bd724fa56290368b6672f66dab245e72?s=96&d=mm&r=g","contentUrl":"https:\/\/secure.gravatar.com\/avatar\/bd724fa56290368b6672f66dab245e72?s=96&d=mm&r=g","caption":"berriozar"},"url":"https:\/\/www.berriozar.es\/eu\/author\/berriozar\/"}]}},"_links":{"self":[{"href":"https:\/\/www.berriozar.es\/eu\/wp-json\/wp\/v2\/posts\/30977"}],"collection":[{"href":"https:\/\/www.berriozar.es\/eu\/wp-json\/wp\/v2\/posts"}],"about":[{"href":"https:\/\/www.berriozar.es\/eu\/wp-json\/wp\/v2\/types\/post"}],"author":[{"embeddable":true,"href":"https:\/\/www.berriozar.es\/eu\/wp-json\/wp\/v2\/users\/36"}],"replies":[{"embeddable":true,"href":"https:\/\/www.berriozar.es\/eu\/wp-json\/wp\/v2\/comments?post=30977"}],"version-history":[{"count":1,"href":"https:\/\/www.berriozar.es\/eu\/wp-json\/wp\/v2\/posts\/30977\/revisions"}],"predecessor-version":[{"id":32785,"href":"https:\/\/www.berriozar.es\/eu\/wp-json\/wp\/v2\/posts\/30977\/revisions\/32785"}],"wp:attachment":[{"href":"https:\/\/www.berriozar.es\/eu\/wp-json\/wp\/v2\/media?parent=30977"}],"wp:term":[{"taxonomy":"category","embeddable":true,"href":"https:\/\/www.berriozar.es\/eu\/wp-json\/wp\/v2\/categories?post=30977"},{"taxonomy":"post_tag","embeddable":true,"href":"https:\/\/www.berriozar.es\/eu\/wp-json\/wp\/v2\/tags?post=30977"}],"curies":[{"name":"wp","href":"https:\/\/api.w.org\/{rel}","templated":true}]}}