{"id":31611,"date":"2017-12-18T13:38:26","date_gmt":"2017-12-18T12:38:26","guid":{"rendered":"http:\/\/www.berriozar.es\/grupo-municipal-eh-bildu-comentario-buenos-dias-quisiera-solicitar-la-reduccion-de-horas-de-encendido-de-las-luces-navidenas-puesto-que-son-un-elemento-meramente-decorativo-y-son-un-gran-gasto\/"},"modified":"2022-02-24T12:45:21","modified_gmt":"2022-02-24T11:45:21","slug":"grupo-municipal-eh-bildu-comentario-buenos-dias-quisiera-solicitar-la-reduccion-de-horas-de-encendido-de-las-luces-navidenas-puesto-que-son-un-elemento-meramente-decorativo-y-son-un-gran-gasto","status":"publish","type":"post","link":"https:\/\/www.berriozar.es\/eu\/grupo-municipal-eh-bildu-comentario-buenos-dias-quisiera-solicitar-la-reduccion-de-horas-de-encendido-de-las-luces-navidenas-puesto-que-son-un-elemento-meramente-decorativo-y-son-un-gran-gasto\/","title":{"rendered":"Grupo municipal: EH BILDU. Comentario: Buenos d\u00edas:  Quisiera solicitar la reducci\u00f3n de horas de encendido de las luces navide\u00f1as. Puesto que son un elemento meramente decorativo y son un gran gasto (y su consiguiente contaminaci\u00f3n),me gustar\u00eda solicitar si no es posible que se elimine su uso total (que seria lo ideal) si al menos que se reduzcan las horas de prendido, el medio ambiente y la factura de la luz lo agradecer\u00e1n. Muchas gracias, (gaztelaniaz)(17\/12\/11)"},"content":{"rendered":"<p>Egun on \/ Buenos d\u00edas.<\/p>\n<p>En respuesta a su mensaje de correo de fecha 11\/12\/2017, en el que solicita la reducci\u00f3n o la total eliminaci\u00f3n del alumbrado navide\u00f1o en Berriozar, desde nuestro grupo municipal \u00a0le informamos \u00a0que har\u00e1 como unos quince a\u00f1os que el Ayuntamiento de Berriozar realiz\u00f3 la compra de los elementos navide\u00f1os que a\u00f1o tras a\u00f1o se van colocando sin que se haya adquirido desde entonces ning\u00fan otro adorno nuevo.<\/p>\n<p>Se ha comprobado que el gasto econ\u00f3mico que genera esta iluminaci\u00f3n es m\u00ednimo ya que se conecta al alumbrado p\u00fablico.<\/p>\n<p>Hemos valorado su sugerencia de reducir el horario de encendido de los adornos navide\u00f1os pero, como ya le he comentado, al estar conectado al alumbrado p\u00fablico, tienen el mismo horario de encendido y apagado que las farolas del alumbrado p\u00fablico. Lo que s\u00ed que supondr\u00eda un desembolso considerable es el reducir el horario de encendido de los adornos, pues habr\u00eda que modificar todo el sistema de alumbrado.<\/p>\n<p>Desde nuestro grupo municipal queremos informarle que, sin lugar a dudas, Berriozar es el pueblo m\u00e1s austero en cuanto a la colocaci\u00f3n de este tipo de luces. Sin embargo, estos adornos navide\u00f1os se colocan tambi\u00e9n a petici\u00f3n de la Asociaci\u00f3n de Comerciantes y Hosteleros de Berriozar, los cuales consideran que de esta manera se crea un ambiente navide\u00f1o que ayuda a incrementar sus ventas y da vida al comercio del municipio.<\/p>\n<p>Es evidente que nuestro compromiso es el reducir al m\u00e1ximo los gastos que no son necesarios y por supuesto respetar en todo momento el medio ambiente para, en definitiva, mejorar el bienestar de todas las personas residentes en Berriozar.<\/p>\n<p>Agradeciendo su colaboraci\u00f3n, quedamos a su disposici\u00f3n para cualquier informaci\u00f3n que precise, sin otro particular, reciba un cordial saludo.<\/p>\n<p>Grupo Municipal de EH-BILDU<\/p>\n","protected":false},"excerpt":{"rendered":"<p>Egun on \/ Buenos d\u00edas. En respuesta a su mensaje de correo de fecha 11\/12\/2017, en el que solicita la reducci\u00f3n o la total eliminaci\u00f3n del alumbrado navide\u00f1o en Berriozar, desde nuestro grupo municipal \u00a0le informamos \u00a0que har\u00e1 como unos quince a\u00f1os que el Ayuntamiento de Berriozar realiz\u00f3 la compra de los elementos navide\u00f1os que [&hellip;]<\/p>\n","protected":false},"author":36,"featured_media":0,"comment_status":"closed","ping_status":"closed","sticky":false,"template":"","format":"standard","meta":{"_exactmetrics_skip_tracking":false,"_exactmetrics_sitenote_active":false,"_exactmetrics_sitenote_note":"","_exactmetrics_sitenote_category":0,"footnotes":""},"categories":[189],"tags":[],"yoast_head":"<!-- This site is optimized with the Yoast SEO plugin v22.8 - https:\/\/yoast.com\/wordpress\/plugins\/seo\/ -->\r\n<title>Grupo municipal: EH BILDU. Comentario: Buenos d\u00edas: Quisiera solicitar la reducci\u00f3n de horas de encendido de las luces navide\u00f1as. Puesto que son un elemento meramente decorativo y son un gran gasto (y su consiguiente contaminaci\u00f3n),me gustar\u00eda solicitar si no es posible que se elimine su uso total (que seria lo ideal) si al menos que se reduzcan las horas de prendido, el medio ambiente y la factura de la luz lo agradecer\u00e1n. Muchas gracias, (gaztelaniaz)(17\/12\/11) - Ayuntamiento de Berriozar \/ Berriozarko Udala<\/title>\r\n<meta name=\"robots\" content=\"index, follow, max-snippet:-1, max-image-preview:large, max-video-preview:-1\" \/>\r\n<link rel=\"canonical\" href=\"https:\/\/www.berriozar.es\/grupo-municipal-eh-bildu-comentario-buenos-dias-quisiera-solicitar-la-reduccion-de-horas-de-encendido-de-las-luces-navidenas-puesto-que-son-un-elemento-meramente-decorativo-y-son-un-gran-gasto\/\" \/>\r\n<meta property=\"og:locale\" content=\"eu_ES\" \/>\r\n<meta property=\"og:type\" content=\"article\" \/>\r\n<meta property=\"og:title\" content=\"Grupo municipal: EH BILDU. Comentario: Buenos d\u00edas: Quisiera solicitar la reducci\u00f3n de horas de encendido de las luces navide\u00f1as. Puesto que son un elemento meramente decorativo y son un gran gasto (y su consiguiente contaminaci\u00f3n),me gustar\u00eda solicitar si no es posible que se elimine su uso total (que seria lo ideal) si al menos que se reduzcan las horas de prendido, el medio ambiente y la factura de la luz lo agradecer\u00e1n. Muchas gracias, (gaztelaniaz)(17\/12\/11) - Ayuntamiento de Berriozar \/ Berriozarko Udala\" \/>\r\n<meta property=\"og:description\" content=\"Egun on \/ Buenos d\u00edas. En respuesta a su mensaje de correo de fecha 11\/12\/2017, en el que solicita la reducci\u00f3n o la total eliminaci\u00f3n del alumbrado navide\u00f1o en Berriozar, desde nuestro grupo municipal \u00a0le informamos \u00a0que har\u00e1 como unos quince a\u00f1os que el Ayuntamiento de Berriozar realiz\u00f3 la compra de los elementos navide\u00f1os que [&hellip;]\" \/>\r\n<meta property=\"og:url\" content=\"https:\/\/www.berriozar.es\/grupo-municipal-eh-bildu-comentario-buenos-dias-quisiera-solicitar-la-reduccion-de-horas-de-encendido-de-las-luces-navidenas-puesto-que-son-un-elemento-meramente-decorativo-y-son-un-gran-gasto\/\" \/>\r\n<meta property=\"og:site_name\" content=\"Ayuntamiento de Berriozar \/ Berriozarko Udala\" \/>\r\n<meta property=\"article:published_time\" content=\"2017-12-18T12:38:26+00:00\" \/>\r\n<meta property=\"article:modified_time\" content=\"2022-02-24T11:45:21+00:00\" \/>\r\n<meta name=\"author\" content=\"berriozar\" \/>\r\n<meta name=\"twitter:card\" content=\"summary_large_image\" \/>\r\n<meta name=\"twitter:label1\" content=\"Written by\" \/>\n\t<meta name=\"twitter:data1\" content=\"berriozar\" \/>\n\t<meta name=\"twitter:label2\" content=\"Est. reading time\" \/>\n\t<meta name=\"twitter:data2\" content=\"2 minutes\" \/>\r\n<script type=\"application\/ld+json\" class=\"yoast-schema-graph\">{\"@context\":\"https:\/\/schema.org\",\"@graph\":[{\"@type\":\"WebPage\",\"@id\":\"https:\/\/www.berriozar.es\/grupo-municipal-eh-bildu-comentario-buenos-dias-quisiera-solicitar-la-reduccion-de-horas-de-encendido-de-las-luces-navidenas-puesto-que-son-un-elemento-meramente-decorativo-y-son-un-gran-gasto\/\",\"url\":\"https:\/\/www.berriozar.es\/grupo-municipal-eh-bildu-comentario-buenos-dias-quisiera-solicitar-la-reduccion-de-horas-de-encendido-de-las-luces-navidenas-puesto-que-son-un-elemento-meramente-decorativo-y-son-un-gran-gasto\/\",\"name\":\"Grupo municipal: EH BILDU. Comentario: Buenos d\u00edas: Quisiera solicitar la reducci\u00f3n de horas de encendido de las luces navide\u00f1as. Puesto que son un elemento meramente decorativo y son un gran gasto (y su consiguiente contaminaci\u00f3n),me gustar\u00eda solicitar si no es posible que se elimine su uso total (que seria lo ideal) si al menos que se reduzcan las horas de prendido, el medio ambiente y la factura de la luz lo agradecer\u00e1n. Muchas gracias, (gaztelaniaz)(17\/12\/11) - Ayuntamiento de Berriozar \/ Berriozarko Udala\",\"isPartOf\":{\"@id\":\"https:\/\/www.berriozar.es\/#website\"},\"datePublished\":\"2017-12-18T12:38:26+00:00\",\"dateModified\":\"2022-02-24T11:45:21+00:00\",\"author\":{\"@id\":\"https:\/\/www.berriozar.es\/#\/schema\/person\/873e251c799afa3ad2eed6828e04aef8\"},\"breadcrumb\":{\"@id\":\"https:\/\/www.berriozar.es\/grupo-municipal-eh-bildu-comentario-buenos-dias-quisiera-solicitar-la-reduccion-de-horas-de-encendido-de-las-luces-navidenas-puesto-que-son-un-elemento-meramente-decorativo-y-son-un-gran-gasto\/#breadcrumb\"},\"inLanguage\":\"eu-ES\",\"potentialAction\":[{\"@type\":\"ReadAction\",\"target\":[\"https:\/\/www.berriozar.es\/grupo-municipal-eh-bildu-comentario-buenos-dias-quisiera-solicitar-la-reduccion-de-horas-de-encendido-de-las-luces-navidenas-puesto-que-son-un-elemento-meramente-decorativo-y-son-un-gran-gasto\/\"]}]},{\"@type\":\"BreadcrumbList\",\"@id\":\"https:\/\/www.berriozar.es\/grupo-municipal-eh-bildu-comentario-buenos-dias-quisiera-solicitar-la-reduccion-de-horas-de-encendido-de-las-luces-navidenas-puesto-que-son-un-elemento-meramente-decorativo-y-son-un-gran-gasto\/#breadcrumb\",\"itemListElement\":[{\"@type\":\"ListItem\",\"position\":1,\"name\":\"Portada\",\"item\":\"https:\/\/www.berriozar.es\/\"},{\"@type\":\"ListItem\",\"position\":2,\"name\":\"Grupo municipal: EH BILDU. Comentario: Buenos d\u00edas: Quisiera solicitar la reducci\u00f3n de horas de encendido de las luces navide\u00f1as. Puesto que son un elemento meramente decorativo y son un gran gasto (y su consiguiente contaminaci\u00f3n),me gustar\u00eda solicitar si no es posible que se elimine su uso total (que seria lo ideal) si al menos que se reduzcan las horas de prendido, el medio ambiente y la factura de la luz lo agradecer\u00e1n. Muchas gracias, (gaztelaniaz)(17\/12\/11)\"}]},{\"@type\":\"WebSite\",\"@id\":\"https:\/\/www.berriozar.es\/#website\",\"url\":\"https:\/\/www.berriozar.es\/\",\"name\":\"Ayuntamiento de Berriozar \/ Berriozarko Udala\",\"description\":\"Ayuntamiento de Berriozar \/ Berriozarko Udala\",\"potentialAction\":[{\"@type\":\"SearchAction\",\"target\":{\"@type\":\"EntryPoint\",\"urlTemplate\":\"https:\/\/www.berriozar.es\/?s={search_term_string}\"},\"query-input\":\"required name=search_term_string\"}],\"inLanguage\":\"eu-ES\"},{\"@type\":\"Person\",\"@id\":\"https:\/\/www.berriozar.es\/#\/schema\/person\/873e251c799afa3ad2eed6828e04aef8\",\"name\":\"berriozar\",\"image\":{\"@type\":\"ImageObject\",\"inLanguage\":\"eu-ES\",\"@id\":\"https:\/\/www.berriozar.es\/#\/schema\/person\/image\/\",\"url\":\"https:\/\/secure.gravatar.com\/avatar\/bd724fa56290368b6672f66dab245e72?s=96&d=mm&r=g\",\"contentUrl\":\"https:\/\/secure.gravatar.com\/avatar\/bd724fa56290368b6672f66dab245e72?s=96&d=mm&r=g\",\"caption\":\"berriozar\"},\"url\":\"https:\/\/www.berriozar.es\/eu\/author\/berriozar\/\"}]}<\/script>\r\n<!-- \/ Yoast SEO plugin. -->","yoast_head_json":{"title":"Grupo municipal: EH BILDU. Comentario: Buenos d\u00edas: Quisiera solicitar la reducci\u00f3n de horas de encendido de las luces navide\u00f1as. Puesto que son un elemento meramente decorativo y son un gran gasto (y su consiguiente contaminaci\u00f3n),me gustar\u00eda solicitar si no es posible que se elimine su uso total (que seria lo ideal) si al menos que se reduzcan las horas de prendido, el medio ambiente y la factura de la luz lo agradecer\u00e1n. Muchas gracias, (gaztelaniaz)(17\/12\/11) - Ayuntamiento de Berriozar \/ Berriozarko Udala","robots":{"index":"index","follow":"follow","max-snippet":"max-snippet:-1","max-image-preview":"max-image-preview:large","max-video-preview":"max-video-preview:-1"},"canonical":"https:\/\/www.berriozar.es\/grupo-municipal-eh-bildu-comentario-buenos-dias-quisiera-solicitar-la-reduccion-de-horas-de-encendido-de-las-luces-navidenas-puesto-que-son-un-elemento-meramente-decorativo-y-son-un-gran-gasto\/","og_locale":"eu_ES","og_type":"article","og_title":"Grupo municipal: EH BILDU. Comentario: Buenos d\u00edas: Quisiera solicitar la reducci\u00f3n de horas de encendido de las luces navide\u00f1as. Puesto que son un elemento meramente decorativo y son un gran gasto (y su consiguiente contaminaci\u00f3n),me gustar\u00eda solicitar si no es posible que se elimine su uso total (que seria lo ideal) si al menos que se reduzcan las horas de prendido, el medio ambiente y la factura de la luz lo agradecer\u00e1n. Muchas gracias, (gaztelaniaz)(17\/12\/11) - Ayuntamiento de Berriozar \/ Berriozarko Udala","og_description":"Egun on \/ Buenos d\u00edas. En respuesta a su mensaje de correo de fecha 11\/12\/2017, en el que solicita la reducci\u00f3n o la total eliminaci\u00f3n del alumbrado navide\u00f1o en Berriozar, desde nuestro grupo municipal \u00a0le informamos \u00a0que har\u00e1 como unos quince a\u00f1os que el Ayuntamiento de Berriozar realiz\u00f3 la compra de los elementos navide\u00f1os que [&hellip;]","og_url":"https:\/\/www.berriozar.es\/grupo-municipal-eh-bildu-comentario-buenos-dias-quisiera-solicitar-la-reduccion-de-horas-de-encendido-de-las-luces-navidenas-puesto-que-son-un-elemento-meramente-decorativo-y-son-un-gran-gasto\/","og_site_name":"Ayuntamiento de Berriozar \/ Berriozarko Udala","article_published_time":"2017-12-18T12:38:26+00:00","article_modified_time":"2022-02-24T11:45:21+00:00","author":"berriozar","twitter_card":"summary_large_image","twitter_misc":{"Written by":"berriozar","Est. reading time":"2 minutes"},"schema":{"@context":"https:\/\/schema.org","@graph":[{"@type":"WebPage","@id":"https:\/\/www.berriozar.es\/grupo-municipal-eh-bildu-comentario-buenos-dias-quisiera-solicitar-la-reduccion-de-horas-de-encendido-de-las-luces-navidenas-puesto-que-son-un-elemento-meramente-decorativo-y-son-un-gran-gasto\/","url":"https:\/\/www.berriozar.es\/grupo-municipal-eh-bildu-comentario-buenos-dias-quisiera-solicitar-la-reduccion-de-horas-de-encendido-de-las-luces-navidenas-puesto-que-son-un-elemento-meramente-decorativo-y-son-un-gran-gasto\/","name":"Grupo municipal: EH BILDU. Comentario: Buenos d\u00edas: Quisiera solicitar la reducci\u00f3n de horas de encendido de las luces navide\u00f1as. Puesto que son un elemento meramente decorativo y son un gran gasto (y su consiguiente contaminaci\u00f3n),me gustar\u00eda solicitar si no es posible que se elimine su uso total (que seria lo ideal) si al menos que se reduzcan las horas de prendido, el medio ambiente y la factura de la luz lo agradecer\u00e1n. Muchas gracias, (gaztelaniaz)(17\/12\/11) - Ayuntamiento de Berriozar \/ Berriozarko Udala","isPartOf":{"@id":"https:\/\/www.berriozar.es\/#website"},"datePublished":"2017-12-18T12:38:26+00:00","dateModified":"2022-02-24T11:45:21+00:00","author":{"@id":"https:\/\/www.berriozar.es\/#\/schema\/person\/873e251c799afa3ad2eed6828e04aef8"},"breadcrumb":{"@id":"https:\/\/www.berriozar.es\/grupo-municipal-eh-bildu-comentario-buenos-dias-quisiera-solicitar-la-reduccion-de-horas-de-encendido-de-las-luces-navidenas-puesto-que-son-un-elemento-meramente-decorativo-y-son-un-gran-gasto\/#breadcrumb"},"inLanguage":"eu-ES","potentialAction":[{"@type":"ReadAction","target":["https:\/\/www.berriozar.es\/grupo-municipal-eh-bildu-comentario-buenos-dias-quisiera-solicitar-la-reduccion-de-horas-de-encendido-de-las-luces-navidenas-puesto-que-son-un-elemento-meramente-decorativo-y-son-un-gran-gasto\/"]}]},{"@type":"BreadcrumbList","@id":"https:\/\/www.berriozar.es\/grupo-municipal-eh-bildu-comentario-buenos-dias-quisiera-solicitar-la-reduccion-de-horas-de-encendido-de-las-luces-navidenas-puesto-que-son-un-elemento-meramente-decorativo-y-son-un-gran-gasto\/#breadcrumb","itemListElement":[{"@type":"ListItem","position":1,"name":"Portada","item":"https:\/\/www.berriozar.es\/"},{"@type":"ListItem","position":2,"name":"Grupo municipal: EH BILDU. Comentario: Buenos d\u00edas: Quisiera solicitar la reducci\u00f3n de horas de encendido de las luces navide\u00f1as. Puesto que son un elemento meramente decorativo y son un gran gasto (y su consiguiente contaminaci\u00f3n),me gustar\u00eda solicitar si no es posible que se elimine su uso total (que seria lo ideal) si al menos que se reduzcan las horas de prendido, el medio ambiente y la factura de la luz lo agradecer\u00e1n. Muchas gracias, (gaztelaniaz)(17\/12\/11)"}]},{"@type":"WebSite","@id":"https:\/\/www.berriozar.es\/#website","url":"https:\/\/www.berriozar.es\/","name":"Ayuntamiento de Berriozar \/ Berriozarko Udala","description":"Ayuntamiento de Berriozar \/ Berriozarko Udala","potentialAction":[{"@type":"SearchAction","target":{"@type":"EntryPoint","urlTemplate":"https:\/\/www.berriozar.es\/?s={search_term_string}"},"query-input":"required name=search_term_string"}],"inLanguage":"eu-ES"},{"@type":"Person","@id":"https:\/\/www.berriozar.es\/#\/schema\/person\/873e251c799afa3ad2eed6828e04aef8","name":"berriozar","image":{"@type":"ImageObject","inLanguage":"eu-ES","@id":"https:\/\/www.berriozar.es\/#\/schema\/person\/image\/","url":"https:\/\/secure.gravatar.com\/avatar\/bd724fa56290368b6672f66dab245e72?s=96&d=mm&r=g","contentUrl":"https:\/\/secure.gravatar.com\/avatar\/bd724fa56290368b6672f66dab245e72?s=96&d=mm&r=g","caption":"berriozar"},"url":"https:\/\/www.berriozar.es\/eu\/author\/berriozar\/"}]}},"_links":{"self":[{"href":"https:\/\/www.berriozar.es\/eu\/wp-json\/wp\/v2\/posts\/31611"}],"collection":[{"href":"https:\/\/www.berriozar.es\/eu\/wp-json\/wp\/v2\/posts"}],"about":[{"href":"https:\/\/www.berriozar.es\/eu\/wp-json\/wp\/v2\/types\/post"}],"author":[{"embeddable":true,"href":"https:\/\/www.berriozar.es\/eu\/wp-json\/wp\/v2\/users\/36"}],"replies":[{"embeddable":true,"href":"https:\/\/www.berriozar.es\/eu\/wp-json\/wp\/v2\/comments?post=31611"}],"version-history":[{"count":1,"href":"https:\/\/www.berriozar.es\/eu\/wp-json\/wp\/v2\/posts\/31611\/revisions"}],"predecessor-version":[{"id":32892,"href":"https:\/\/www.berriozar.es\/eu\/wp-json\/wp\/v2\/posts\/31611\/revisions\/32892"}],"wp:attachment":[{"href":"https:\/\/www.berriozar.es\/eu\/wp-json\/wp\/v2\/media?parent=31611"}],"wp:term":[{"taxonomy":"category","embeddable":true,"href":"https:\/\/www.berriozar.es\/eu\/wp-json\/wp\/v2\/categories?post=31611"},{"taxonomy":"post_tag","embeddable":true,"href":"https:\/\/www.berriozar.es\/eu\/wp-json\/wp\/v2\/tags?post=31611"}],"curies":[{"name":"wp","href":"https:\/\/api.w.org\/{rel}","templated":true}]}}